{"id":492,"date":"2025-02-12T18:32:27","date_gmt":"2025-02-12T18:32:27","guid":{"rendered":"https:\/\/qrealo.cl\/vermontmedellin\/index.php\/2025\/02\/12\/por-que-somos-un-colegio-ib\/"},"modified":"2025-02-12T18:32:27","modified_gmt":"2025-02-12T18:32:27","slug":"por-que-somos-un-colegio-ib","status":"publish","type":"school-news","link":"https:\/\/vermontmedellin.edu.co\/es\/school-news\/por-que-somos-un-colegio-ib\/","title":{"rendered":"\u00bfPor qu\u00e9 somos un colegio IB?"},"content":{"rendered":"<p><span id=\"hs_cos_wrapper_post_body\" class=\"hs_cos_wrapper hs_cos_wrapper_meta_field hs_cos_wrapper_type_rich_text\" data-hs-cos-general-type=\"meta_field\" data-hs-cos-type=\"rich_text\"><\/p>\n<p style=\"text-align: justify\">Cuando se piensa en un colegio IB, se piensa en una comunidad mundial de colegios, maestros y estudiantes que tienen como prop\u00f3sito desarrollar competencias, habilidades y conocimientos necesarios para crear un mundo m\u00e1s pac\u00edfico, solidario y con proyecci\u00f3n a ser un mejor lugar para la vida de todos los seres que lo habitamos.<\/p>\n<p> <!--more--><\/p>\n<hr>\n<p style=\"text-align: center\"><strong>En el Vermont School<\/strong> <strong>desarrollamos<\/strong> <strong>Bachillerato Internacional<\/strong><\/p>\n<p style=\"text-align: justify\"><span style=\"color: #999999\">En los dos \u00faltimos grados de escolaridad de nuestros estudiantes cursan el Programa del Diploma del Bachillerato Internacional (IBDP) el cual es un dise\u00f1o curricular riguroso, integral y equilibrado, que a la vez combina amplitud y profundidad en todos los aspectos de la vida de los estudiantes. En \u00e9l, se desarrollan habilidades y contenidos con los m\u00e1s altos est\u00e1ndares acad\u00e9micos en todas las asignaturas, al mismo tiempo que se contribuye al desarrollo del ser interior donde los estudiantes comprenden su entorno y se sensibilizan con las realidades de las dem\u00e1s personas.<\/span><\/p>\n<p><span style=\"color: #999999\"><img decoding=\"async\" src=\"https:\/\/vermontmedellin.edu.co\/wp-content\/uploads\/sites\/35\/2025\/02\/Colegios-IB-1.png\" alt=\"Colegios IB\" width=\"800\" style=\"width: 800px;margin: 0px auto\"><\/span><\/p>\n<p style=\"text-align: justify\"><span style=\"color: #999999\">Desde 1968 los egresados del programa de diploma IB se han desempe\u00f1ado de forma destacada en las variadas y distintas actividades del quehacer humano. Se han formado en carreras tan diversas como los m\u00e1s prominentes cient\u00edficos, hasta los atletas m\u00e1s reconocidos, pasando tambi\u00e9n por los m\u00e1s asiduos promotores de causas humanitarias. Todos ellos, al terminar su formaci\u00f3n de Bachillerato Internacional concibieron las oportunidades que les ofrec\u00eda su contexto y a partir de sus habilidades y capacidades desempe\u00f1aron una gran trayectoria acad\u00e9mica y profesional.<\/span><\/p>\n<p style=\"text-align: justify\"><span style=\"color: #999999\">Tal es el reconocimiento internacional del programa de diploma, que un amplio n\u00famero de universidades tales como Cambridge, MIT, Harvard, Sorbona, entre otras, en m\u00e1s de 145 pa\u00edses reconoce las habilidades y desempe\u00f1os de los egresados IB, y seg\u00fan los resultados de las evaluaciones de certificaci\u00f3n obtenidas por ellos en los colegios, validan y homologan asignaturas y cr\u00e9ditos en las carreras universitarias los estudiantes, significando esto una econom\u00eda de esfuerzos y tiempo en sus b\u00fasquedas acad\u00e9micas y profesionales.<\/span><\/p>\n<hr>\n<p style=\"text-align: center\"><strong>Como miembros de la comunidad de aprendizaje IB, nos esforzamos por ser:<\/strong><\/p>\n<ul style=\"list-style-type: square\">\n<li style=\"text-align: justify\"><span style=\"color: #69a84f\">Indagadores: <span style=\"color: #999999\">Cultivamos nuestra curiosidad, a la vez que desarrollamos habilidades para la indagaci\u00f3n y la investigaci\u00f3n.<\/span><\/span><\/li>\n<li style=\"text-align: justify\">\n<p style=\"text-align: left\"><span style=\"color: #69a84f\">Informados e instruidos:<\/span> <span style=\"color: #999999\">Nos comprometemos con ideas y cuestiones de importancia local y mundial.<\/span><\/p>\n<\/li>\n<li style=\"text-align: justify\">\n<p style=\"text-align: justify\"><span style=\"color: #69a84f\">Pensadores:<\/span> <span style=\"color: #999999\">Utilizamos habilidades de pensamiento cr\u00edtico y creativo para analizar y proceder de manera responsable ante problemas complejos.<\/span><\/p>\n<\/li>\n<li style=\"text-align: justify\">\n<p style=\"text-align: justify\"><span style=\"color: #69a84f\">Buenos comunicadores:<\/span> <span style=\"color: #999999\">Nos expresamos con confianza y creatividad en diferentes lenguas y lenguajes.<\/span><\/p>\n<\/li>\n<li style=\"text-align: justify\">\n<p style=\"text-align: justify\"><span style=\"color: #69a84f\">\u00cdntegros:<\/span> <span style=\"color: #999999\">Actuamos con integridad y honradez, con un profundo sentido de la equidad, la justicia y el respeto por la dignidad y los derechos de las personas en todo el mundo.<\/span><\/p>\n<\/li>\n<li style=\"text-align: justify\">\n<p style=\"text-align: justify\"><span style=\"color: #69a84f\">De mentalidad abierta:<\/span> <span style=\"color: #999999\">Desarrollamos una apreciaci\u00f3n cr\u00edtica de nuestras propias culturas e historias personales, as\u00ed como de los valores y tradiciones de los dem\u00e1s.<\/span><\/p>\n<\/li>\n<li style=\"text-align: justify\">\n<p style=\"text-align: justify\"><span style=\"color: #999999\"><span style=\"color: #69a84f\">Solidarios: <\/span>Nos comprometemos a ayudar a los dem\u00e1s y actuamos con el prop\u00f3sito de influir positivamente en la vida de las personas y el mundo que nos rodea.<\/span><\/p>\n<p style=\"text-align: justify\">&nbsp;<\/p>\n<\/li>\n<li style=\"text-align: justify\">\n<p style=\"text-align: justify\"><span style=\"color: #999999\"><span style=\"color: #69a84f\">Audaces:<\/span> Trabajamos de manera aut\u00f3noma y colaboramos para explorar nuevas ideas y estrategias innovadoras.<\/span><\/p>\n<p style=\"text-align: justify\">&nbsp;<\/p>\n<\/li>\n<li style=\"text-align: justify\">\n<p style=\"text-align: justify\"><span style=\"color: #999999\"><span style=\"color: #69a84f\">Equilibrados:<\/span> Entendemos la importancia del equilibrio f\u00edsico, mental y emocional para lograr el bienestar propio y el de los dem\u00e1s.<\/span><\/p>\n<p style=\"text-align: justify\">&nbsp;<\/p>\n<\/li>\n<li style=\"text-align: center\">\n<p style=\"text-align: justify\"><span style=\"color: #999999\"><span style=\"color: #69a84f\">Reflexivos:<\/span> Evaluamos desinteresadamente el mundo y nuestras propias ideas y experiencias.<\/span><\/p>\n<p> <span style=\"color: #999999\"><\/span><br \/><span style=\"color: #69a84f;font-size: 14px\">Por: <span style=\"color: #666666\">Mauricio Ruiz,<\/span> <span style=\"color: #666666\">Director High School.<\/span><\/span><span style=\"color: #999999\"><\/span><\/li>\n<\/ul>\n<p><\/span><\/p>\n","protected":false},"excerpt":{"rendered":"<p>Cuando se piensa en un colegio IB, se piensa en una comunidad mundial de colegios, maestros y estudiantes que tienen como prop\u00f3sito desarrollar competencias, habilidades y conocimientos necesarios para crear un mundo m\u00e1s pac\u00edfico, solidario y con proyecci\u00f3n a ser un mejor lugar para la vida de todos los seres que lo habitamos.<\/p>\n","protected":false},"featured_media":500,"template":"","class_list":["post-492","school-news","type-school-news","status-publish","has-post-thumbnail","hentry"],"acf":[],"yoast_head":"<!-- This site is optimized with the Yoast SEO plugin v27.1.1 - https:\/\/yoast.com\/product\/yoast-seo-wordpress\/ -->\n<title>\u00bfPor qu\u00e9 somos un colegio IB? - Vermont School Medell\u00edn, un colegio Cognita Redcol - Colegio Vermont School Medellin<\/title>\n<meta name=\"robots\" content=\"index, follow, max-snippet:-1, max-image-preview:large, max-video-preview:-1\" \/>\n<link rel=\"canonical\" href=\"https:\/\/vermontmedellin.edu.co\/es\/school-news\/por-que-somos-un-colegio-ib\/\" \/>\n<meta property=\"og:locale\" content=\"es_ES\" \/>\n<meta property=\"og:type\" content=\"article\" \/>\n<meta property=\"og:title\" content=\"\u00bfPor qu\u00e9 somos un colegio IB? - Vermont School Medell\u00edn, un colegio Cognita Redcol - Colegio Vermont School Medellin\" \/>\n<meta property=\"og:description\" content=\"Cuando se piensa en un colegio IB, se piensa en una comunidad mundial de colegios, maestros y estudiantes que tienen como prop\u00f3sito desarrollar competencias, habilidades y conocimientos necesarios para crear un mundo m\u00e1s pac\u00edfico, solidario y con proyecci\u00f3n a ser un mejor lugar para la vida de todos los seres que lo habitamos.\" \/>\n<meta property=\"og:url\" content=\"https:\/\/vermontmedellin.edu.co\/es\/school-news\/por-que-somos-un-colegio-ib\/\" \/>\n<meta property=\"og:site_name\" content=\"Vermont School Medell\u00edn, un colegio Cognita Redcol - Colegio Vermont School Medellin\" \/>\n<meta property=\"article:publisher\" content=\"https:\/\/www.facebook.com\/vermontschooloficial\" \/>\n<meta property=\"og:image\" content=\"https:\/\/vermontmedellin.edu.co\/wp-content\/uploads\/sites\/35\/2025\/02\/Colegios-IB-1.png\" \/>\n<meta name=\"twitter:card\" content=\"summary_large_image\" \/>\n<meta name=\"twitter:site\" content=\"@vermontschoolm\" \/>\n<meta name=\"twitter:label1\" content=\"Tiempo de lectura\" \/>\n\t<meta name=\"twitter:data1\" content=\"3 minutos\" \/>\n<script type=\"application\/ld+json\" class=\"yoast-schema-graph\">{\"@context\":\"https:\/\/schema.org\",\"@graph\":[{\"@type\":\"WebPage\",\"@id\":\"https:\/\/vermontmedellin.edu.co\/es\/school-news\/por-que-somos-un-colegio-ib\/\",\"url\":\"https:\/\/vermontmedellin.edu.co\/es\/school-news\/por-que-somos-un-colegio-ib\/\",\"name\":\"\u00bfPor qu\u00e9 somos un colegio IB? - Vermont School Medell\u00edn, un colegio Cognita Redcol - Colegio Vermont School Medellin\",\"isPartOf\":{\"@id\":\"https:\/\/vermontmedellin.edu.co\/es\/pt-br\/#website\"},\"primaryImageOfPage\":{\"@id\":\"https:\/\/vermontmedellin.edu.co\/es\/school-news\/por-que-somos-un-colegio-ib\/#primaryimage\"},\"image\":{\"@id\":\"https:\/\/vermontmedellin.edu.co\/es\/school-news\/por-que-somos-un-colegio-ib\/#primaryimage\"},\"thumbnailUrl\":\"https:\/\/vermontmedellin.edu.co\/wp-content\/uploads\/sites\/35\/2025\/02\/Captura-de-Pantalla-2020-08-04-a-las-3_42_55-p_-m_.png\",\"datePublished\":\"2025-02-12T18:32:27+00:00\",\"breadcrumb\":{\"@id\":\"https:\/\/vermontmedellin.edu.co\/es\/school-news\/por-que-somos-un-colegio-ib\/#breadcrumb\"},\"inLanguage\":\"es\",\"potentialAction\":[{\"@type\":\"ReadAction\",\"target\":[\"https:\/\/vermontmedellin.edu.co\/es\/school-news\/por-que-somos-un-colegio-ib\/\"]}]},{\"@type\":\"ImageObject\",\"inLanguage\":\"es\",\"@id\":\"https:\/\/vermontmedellin.edu.co\/es\/school-news\/por-que-somos-un-colegio-ib\/#primaryimage\",\"url\":\"https:\/\/vermontmedellin.edu.co\/wp-content\/uploads\/sites\/35\/2025\/02\/Captura-de-Pantalla-2020-08-04-a-las-3_42_55-p_-m_.png\",\"contentUrl\":\"https:\/\/vermontmedellin.edu.co\/wp-content\/uploads\/sites\/35\/2025\/02\/Captura-de-Pantalla-2020-08-04-a-las-3_42_55-p_-m_.png\",\"width\":1278,\"height\":693},{\"@type\":\"BreadcrumbList\",\"@id\":\"https:\/\/vermontmedellin.edu.co\/es\/school-news\/por-que-somos-un-colegio-ib\/#breadcrumb\",\"itemListElement\":[{\"@type\":\"ListItem\",\"position\":1,\"name\":\"Home\",\"item\":\"https:\/\/vermontmedellin.edu.co\/es\/\"},{\"@type\":\"ListItem\",\"position\":2,\"name\":\"\u00bfPor qu\u00e9 somos un colegio IB?\"}]},{\"@type\":\"WebSite\",\"@id\":\"https:\/\/vermontmedellin.edu.co\/es\/pt-br\/#website\",\"url\":\"https:\/\/vermontmedellin.edu.co\/es\/pt-br\/\",\"name\":\"Vermont School Medell\u00edn, un colegio Cognita Redcol - Colegio Vermont School Medellin\",\"description\":\"Blog VermontSchool\",\"publisher\":{\"@id\":\"https:\/\/vermontmedellin.edu.co\/es\/pt-br\/#organization\"},\"potentialAction\":[{\"@type\":\"SearchAction\",\"target\":{\"@type\":\"EntryPoint\",\"urlTemplate\":\"https:\/\/vermontmedellin.edu.co\/es\/pt-br\/?s={search_term_string}\"},\"query-input\":{\"@type\":\"PropertyValueSpecification\",\"valueRequired\":true,\"valueName\":\"search_term_string\"}}],\"inLanguage\":\"es\"},{\"@type\":\"Organization\",\"@id\":\"https:\/\/vermontmedellin.edu.co\/es\/pt-br\/#organization\",\"name\":\"Vermont School Medell\u00edn, un colegio Cognita Redcol - Colegio Vermont School Medellin\",\"url\":\"https:\/\/vermontmedellin.edu.co\/es\/pt-br\/\",\"logo\":{\"@type\":\"ImageObject\",\"inLanguage\":\"es\",\"@id\":\"https:\/\/vermontmedellin.edu.co\/es\/pt-br\/#\/schema\/logo\/image\/\",\"url\":\"https:\/\/vermontmedellin.edu.co\/wp-content\/uploads\/sites\/35\/2024\/04\/vermont-logo-cropped.png\",\"contentUrl\":\"https:\/\/vermontmedellin.edu.co\/wp-content\/uploads\/sites\/35\/2024\/04\/vermont-logo-cropped.png\",\"width\":609,\"height\":328,\"caption\":\"Vermont School Medell\u00edn, un colegio Cognita Redcol - Colegio Vermont School Medellin\"},\"image\":{\"@id\":\"https:\/\/vermontmedellin.edu.co\/es\/pt-br\/#\/schema\/logo\/image\/\"},\"sameAs\":[\"https:\/\/www.facebook.com\/vermontschooloficial\",\"https:\/\/x.com\/vermontschoolm\",\"https:\/\/www.instagram.com\/vermontschooloficial\/\",\"https:\/\/www.youtube.com\/@VermontSchoolOficial\"]}]}<\/script>\n<!-- \/ Yoast SEO plugin. -->","yoast_head_json":{"title":"\u00bfPor qu\u00e9 somos un colegio IB? - Vermont School Medell\u00edn, un colegio Cognita Redcol - Colegio Vermont School Medellin","robots":{"index":"index","follow":"follow","max-snippet":"max-snippet:-1","max-image-preview":"max-image-preview:large","max-video-preview":"max-video-preview:-1"},"canonical":"https:\/\/vermontmedellin.edu.co\/es\/school-news\/por-que-somos-un-colegio-ib\/","og_locale":"es_ES","og_type":"article","og_title":"\u00bfPor qu\u00e9 somos un colegio IB? - Vermont School Medell\u00edn, un colegio Cognita Redcol - Colegio Vermont School Medellin","og_description":"Cuando se piensa en un colegio IB, se piensa en una comunidad mundial de colegios, maestros y estudiantes que tienen como prop\u00f3sito desarrollar competencias, habilidades y conocimientos necesarios para crear un mundo m\u00e1s pac\u00edfico, solidario y con proyecci\u00f3n a ser un mejor lugar para la vida de todos los seres que lo habitamos.","og_url":"https:\/\/vermontmedellin.edu.co\/es\/school-news\/por-que-somos-un-colegio-ib\/","og_site_name":"Vermont School Medell\u00edn, un colegio Cognita Redcol - Colegio Vermont School Medellin","article_publisher":"https:\/\/www.facebook.com\/vermontschooloficial","og_image":[{"url":"https:\/\/vermontmedellin.edu.co\/wp-content\/uploads\/sites\/35\/2025\/02\/Colegios-IB-1.png","type":"","width":"","height":""}],"twitter_card":"summary_large_image","twitter_site":"@vermontschoolm","twitter_misc":{"Tiempo de lectura":"3 minutos"},"schema":{"@context":"https:\/\/schema.org","@graph":[{"@type":"WebPage","@id":"https:\/\/vermontmedellin.edu.co\/es\/school-news\/por-que-somos-un-colegio-ib\/","url":"https:\/\/vermontmedellin.edu.co\/es\/school-news\/por-que-somos-un-colegio-ib\/","name":"\u00bfPor qu\u00e9 somos un colegio IB? - Vermont School Medell\u00edn, un colegio Cognita Redcol - Colegio Vermont School Medellin","isPartOf":{"@id":"https:\/\/vermontmedellin.edu.co\/es\/pt-br\/#website"},"primaryImageOfPage":{"@id":"https:\/\/vermontmedellin.edu.co\/es\/school-news\/por-que-somos-un-colegio-ib\/#primaryimage"},"image":{"@id":"https:\/\/vermontmedellin.edu.co\/es\/school-news\/por-que-somos-un-colegio-ib\/#primaryimage"},"thumbnailUrl":"https:\/\/vermontmedellin.edu.co\/wp-content\/uploads\/sites\/35\/2025\/02\/Captura-de-Pantalla-2020-08-04-a-las-3_42_55-p_-m_.png","datePublished":"2025-02-12T18:32:27+00:00","breadcrumb":{"@id":"https:\/\/vermontmedellin.edu.co\/es\/school-news\/por-que-somos-un-colegio-ib\/#breadcrumb"},"inLanguage":"es","potentialAction":[{"@type":"ReadAction","target":["https:\/\/vermontmedellin.edu.co\/es\/school-news\/por-que-somos-un-colegio-ib\/"]}]},{"@type":"ImageObject","inLanguage":"es","@id":"https:\/\/vermontmedellin.edu.co\/es\/school-news\/por-que-somos-un-colegio-ib\/#primaryimage","url":"https:\/\/vermontmedellin.edu.co\/wp-content\/uploads\/sites\/35\/2025\/02\/Captura-de-Pantalla-2020-08-04-a-las-3_42_55-p_-m_.png","contentUrl":"https:\/\/vermontmedellin.edu.co\/wp-content\/uploads\/sites\/35\/2025\/02\/Captura-de-Pantalla-2020-08-04-a-las-3_42_55-p_-m_.png","width":1278,"height":693},{"@type":"BreadcrumbList","@id":"https:\/\/vermontmedellin.edu.co\/es\/school-news\/por-que-somos-un-colegio-ib\/#breadcrumb","itemListElement":[{"@type":"ListItem","position":1,"name":"Home","item":"https:\/\/vermontmedellin.edu.co\/es\/"},{"@type":"ListItem","position":2,"name":"\u00bfPor qu\u00e9 somos un colegio IB?"}]},{"@type":"WebSite","@id":"https:\/\/vermontmedellin.edu.co\/es\/pt-br\/#website","url":"https:\/\/vermontmedellin.edu.co\/es\/pt-br\/","name":"Vermont School Medell\u00edn, un colegio Cognita Redcol - Colegio Vermont School Medellin","description":"Blog VermontSchool","publisher":{"@id":"https:\/\/vermontmedellin.edu.co\/es\/pt-br\/#organization"},"potentialAction":[{"@type":"SearchAction","target":{"@type":"EntryPoint","urlTemplate":"https:\/\/vermontmedellin.edu.co\/es\/pt-br\/?s={search_term_string}"},"query-input":{"@type":"PropertyValueSpecification","valueRequired":true,"valueName":"search_term_string"}}],"inLanguage":"es"},{"@type":"Organization","@id":"https:\/\/vermontmedellin.edu.co\/es\/pt-br\/#organization","name":"Vermont School Medell\u00edn, un colegio Cognita Redcol - Colegio Vermont School Medellin","url":"https:\/\/vermontmedellin.edu.co\/es\/pt-br\/","logo":{"@type":"ImageObject","inLanguage":"es","@id":"https:\/\/vermontmedellin.edu.co\/es\/pt-br\/#\/schema\/logo\/image\/","url":"https:\/\/vermontmedellin.edu.co\/wp-content\/uploads\/sites\/35\/2024\/04\/vermont-logo-cropped.png","contentUrl":"https:\/\/vermontmedellin.edu.co\/wp-content\/uploads\/sites\/35\/2024\/04\/vermont-logo-cropped.png","width":609,"height":328,"caption":"Vermont School Medell\u00edn, un colegio Cognita Redcol - Colegio Vermont School Medellin"},"image":{"@id":"https:\/\/vermontmedellin.edu.co\/es\/pt-br\/#\/schema\/logo\/image\/"},"sameAs":["https:\/\/www.facebook.com\/vermontschooloficial","https:\/\/x.com\/vermontschoolm","https:\/\/www.instagram.com\/vermontschooloficial\/","https:\/\/www.youtube.com\/@VermontSchoolOficial"]}]}},"jetpack_sharing_enabled":true,"_links":{"self":[{"href":"https:\/\/vermontmedellin.edu.co\/es\/wp-json\/wp\/v2\/school-news\/492","targetHints":{"allow":["GET"]}}],"collection":[{"href":"https:\/\/vermontmedellin.edu.co\/es\/wp-json\/wp\/v2\/school-news"}],"about":[{"href":"https:\/\/vermontmedellin.edu.co\/es\/wp-json\/wp\/v2\/types\/school-news"}],"version-history":[{"count":0,"href":"https:\/\/vermontmedellin.edu.co\/es\/wp-json\/wp\/v2\/school-news\/492\/revisions"}],"wp:featuredmedia":[{"embeddable":true,"href":"https:\/\/vermontmedellin.edu.co\/es\/wp-json\/wp\/v2\/media\/500"}],"wp:attachment":[{"href":"https:\/\/vermontmedellin.edu.co\/es\/wp-json\/wp\/v2\/media?parent=492"}],"curies":[{"name":"wp","href":"https:\/\/api.w.org\/{rel}","templated":true}]}}