{"id":135,"date":"2025-02-12T18:06:30","date_gmt":"2025-02-12T18:06:30","guid":{"rendered":"https:\/\/qrealo.cl\/vermontmedellin\/index.php\/2025\/02\/12\/beca-amparo-creamos-un-mundo-mejor-a-traves-de-mejores-colegios\/"},"modified":"2025-02-12T18:06:30","modified_gmt":"2025-02-12T18:06:30","slug":"beca-amparo-creamos-un-mundo-mejor-a-traves-de-mejores-colegios","status":"publish","type":"school-news","link":"https:\/\/vermontmedellin.edu.co\/es\/school-news\/beca-amparo-creamos-un-mundo-mejor-a-traves-de-mejores-colegios\/","title":{"rendered":"Beca Amparo: Creamos un mundo mejor a trav\u00e9s de mejores colegios"},"content":{"rendered":"<p><span id=\"hs_cos_wrapper_post_body\" class=\"hs_cos_wrapper hs_cos_wrapper_meta_field hs_cos_wrapper_type_rich_text\" data-hs-cos-general-type=\"meta_field\" data-hs-cos-type=\"rich_text\"><\/p>\n<p style=\"text-align: justify;margin-top: 12pt;margin-right: 0cm;margin-bottom: 12pt;padding-left: 0cm;font-weight: bold\"><span style=\"color: black\">En el Vermont School reforzamos nuestro compromiso con los ni\u00f1os y ni\u00f1as del pa\u00eds a trav\u00e9s de la implementaci\u00f3n del programa Beca Amparo. Programa que nace hace nueve a\u00f1os desde el inter\u00e9s de trabajar d\u00eda a d\u00eda para garantizar una educaci\u00f3n inclusiva, equitativa y de calidad desde edades tempranas y que trabaja por la formaci\u00f3n integral. El alcance de esta estrategia ha tenido un gran impacto que hoy se encuentra entre los 500 mejores proyectos sociales y ambientales de Am\u00e9rica Latina.&nbsp;<\/span><\/p>\n<p> <!--more--><span style=\"background-color: transparent;color: black;text-align: justify\">Redcol Holding S.A.S, naci\u00f3 en el 2013 desde la necesidad de construir un mundo mejor con educaci\u00f3n de calidad. Es una red que agrupa a nueve instituciones en siete ciudades del pa\u00eds comprometidas con impactar positivamente a la educaci\u00f3n. Hoy en d\u00eda con la beca Amparo se han beneficiado 54 estudiantes, y para agosto del 2021 se recibir\u00e1n a 30 m\u00e1s. Esta es una apuesta para lograr un adecuado balance entre la excelencia acad\u00e9mica, la construcci\u00f3n de seres \u00edntegros y la inclusi\u00f3n educativa.&nbsp;<\/span> <\/p>\n<p style=\"text-align: justify\"><img decoding=\"async\" src=\"https:\/\/vermontmedellin.edu.co\/wp-content\/uploads\/sites\/35\/2025\/02\/210526-F0069-Feb-28-2024-10-34-56-5106-PM.jpg\" alt=\"210526 F0069\" width=\"805\" loading=\"lazy\" style=\"width: 805px;margin-left: auto;margin-right: auto\"><\/p>\n<p style=\"text-align: justify;margin-top: 12pt;margin-right: 0cm;margin-bottom: 12pt;padding-left: 0cm\"><span style=\"color: #000000\"><span style=\"background-color: white\">Para aplicar al programa, el estudiante y su familia deben postularse, mediante un sistema definido y publicado por cada colegio antes del inicio del a\u00f1o escolar, y deben cumplir con algunos criterios como: <\/span>El programa est\u00e1 dise\u00f1ado para ni\u00f1os y ni\u00f1as entre 6 y 7 a\u00f1os cumplidos antes del inicio del a\u00f1o escolar y que demuestren un comportamiento acad\u00e9mico y disciplinario sobresaliente. <span style=\"background-color: white\">Estudiantes que se destacan por <\/span>su pasi\u00f3n para aprender, transformar su realidad y adquirir nuevos conocimientos cada d\u00eda. Se otorgan cuatro becas anuales por cada colegio Redcol, que se mantienen activas por todo el ciclo escolar; adem\u00e1s el programa incluye costos de inscripci\u00f3n y matr\u00edcula, transporte, \u00fatiles escolares, alimentaci\u00f3n, ex\u00e1menes internacionales y otros beneficios. Tambi\u00e9n, las familias como primer mundo social del ni\u00f1o deben comprometerse a ser parte activa del proceso ya que <\/span><span style=\"color: #202124;background-color: white\"><span style=\"color: #000000\">ocupan un lugar esencial en la educaci\u00f3n; es donde se dan los primeros pasos de ense\u00f1anza y aprendizaje.&nbsp;<span style=\"font-weight: bold\"> Hoy en d\u00eda en todos los colegios de Redcol contamos con m\u00e1s de 90 estudiantes becados<\/span>.<\/span><\/p>\n<p><\/span><\/p>\n<p style=\"text-align: justify;margin-top: 12pt;margin-right: 0cm;margin-bottom: 12pt;padding-left: 0cm\"><span style=\"color: #202124;background-color: white\"><img decoding=\"async\" src=\"https:\/\/vermontmedellin.edu.co\/wp-content\/uploads\/sites\/35\/2025\/02\/Captura-de-pantalla-2021-06-04-a-las-12_24_32-p_-m_-1.png\" alt=\"Captura de pantalla 2021-06-04 a la(s) 12.24.32 p. m.\" width=\"1210\" loading=\"lazy\" style=\"width: 1210px\"><br \/><\/span><\/p>\n<p style=\"text-align: justify;margin-top: 12pt;margin-right: 0cm;margin-bottom: 12pt;padding-left: 0cm\"><span style=\"color: #202124;background-color: white\"><\/span><span style=\"color: black\">Gracias a esta iniciativa, en el 2019, nuestra primera beneficiada fue una estudiante que ingres\u00f3 en K5 y actualmente cursa Stage 2. Asimismo, para el periodo 2020-2021 ingresaron cuatro estudiantes y ahora nos sentimos muy felices de contarles que, en este a\u00f1o lectivo 2021-2022, est\u00e1n con nosotros cuatro ni\u00f1os m\u00e1s para un total de nueve beneficiarios de nuestra red. \u00a1Y el reto apenas comienza!<\/span><\/p>\n<p style=\"text-align: justify;margin-top: 12pt;margin-right: 0cm;margin-bottom: 12pt;padding-left: 0cm\"><span style=\"color: #202124;background-color: white\">Con esta beca vinculamos cada a\u00f1o a m\u00e1s estudiantes a trav\u00e9s de un proceso de admisi\u00f3n y selecci\u00f3n detallado. Somos un equipo de trabajo motivado y comprometido con cada uno de nuestros proyectos y nuestra visi\u00f3n siempre ser\u00e1 la del crecimiento, el cambio y la transformaci\u00f3n de un mundo mejor.<br \/><\/span><\/p>\n<p style=\"text-align: justify;margin-top: 12pt;margin-right: 0cm;margin-bottom: 12pt;padding-left: 0cm\"><span style=\"color: #202124;background-color: white\"><span style=\"font-size: 14px;color: #202124;background-color: white\">Existimos y seguimos trabajando para aportar con el desarrollo y el mejoramiento del pa\u00eds; b<\/span><span style=\"font-size: 12px;color: black\"><span style=\"font-size: 14px\">rindando el acceso a una educaci\u00f3n de calidad para todos.<\/span><\/span><\/span><\/p>\n<div class=\"hs-embed-wrapper\" data-service=\"youtube\" data-responsive=\"true\" style=\"position: relative;overflow: hidden;height: auto;padding: 0px;max-width: 799px;max-height: 451.435px;min-width: 256px;margin: auto\">\n<div class=\"hs-embed-content-wrapper\">\n<div style=\"position: relative;overflow: hidden;max-width: 100%;margin: 0px\"><\/div>\n<\/p><\/div>\n<\/p><\/div>\n<p>&nbsp;<\/p>\n<p style=\"text-align: justify\"><span style=\"font-weight: bold\">&nbsp;Por:<\/span> Comunicaciones Vermont<\/p>\n<p><\/span><\/p>\n","protected":false},"excerpt":{"rendered":"<p>Beca Amparo: Creamos un mundo mejor a trav\u00e9s de mejores colegios<\/p>\n","protected":false},"featured_media":149,"template":"","class_list":["post-135","school-news","type-school-news","status-publish","has-post-thumbnail","hentry"],"acf":[],"yoast_head":"<!-- This site is optimized with the Yoast SEO plugin v27.1.1 - https:\/\/yoast.com\/product\/yoast-seo-wordpress\/ -->\n<title>Beca Amparo: Creamos un mundo mejor a trav\u00e9s de mejores colegios - Vermont School Medell\u00edn, un colegio Cognita Redcol - Colegio Vermont School Medellin<\/title>\n<meta name=\"robots\" content=\"index, follow, max-snippet:-1, max-image-preview:large, max-video-preview:-1\" \/>\n<link rel=\"canonical\" href=\"https:\/\/vermontmedellin.edu.co\/es\/school-news\/beca-amparo-creamos-un-mundo-mejor-a-traves-de-mejores-colegios\/\" \/>\n<meta property=\"og:locale\" content=\"es_ES\" \/>\n<meta property=\"og:type\" content=\"article\" \/>\n<meta property=\"og:title\" content=\"Beca Amparo: Creamos un mundo mejor a trav\u00e9s de mejores colegios - Vermont School Medell\u00edn, un colegio Cognita Redcol - Colegio Vermont School Medellin\" \/>\n<meta property=\"og:description\" content=\"Beca Amparo: Creamos un mundo mejor a trav\u00e9s de mejores colegios\" \/>\n<meta property=\"og:url\" content=\"https:\/\/vermontmedellin.edu.co\/es\/school-news\/beca-amparo-creamos-un-mundo-mejor-a-traves-de-mejores-colegios\/\" \/>\n<meta property=\"og:site_name\" content=\"Vermont School Medell\u00edn, un colegio Cognita Redcol - Colegio Vermont School Medellin\" \/>\n<meta property=\"article:publisher\" content=\"https:\/\/www.facebook.com\/vermontschooloficial\" \/>\n<meta property=\"og:image\" content=\"https:\/\/vermontmedellin.edu.co\/wp-content\/uploads\/sites\/35\/2025\/02\/210526-F0069-Feb-28-2024-10-34-56-5106-PM.jpg\" \/>\n<meta name=\"twitter:card\" content=\"summary_large_image\" \/>\n<meta name=\"twitter:site\" content=\"@vermontschoolm\" \/>\n<meta name=\"twitter:label1\" content=\"Tiempo de lectura\" \/>\n\t<meta name=\"twitter:data1\" content=\"3 minutos\" \/>\n<script type=\"application\/ld+json\" class=\"yoast-schema-graph\">{\"@context\":\"https:\/\/schema.org\",\"@graph\":[{\"@type\":\"WebPage\",\"@id\":\"https:\/\/vermontmedellin.edu.co\/es\/school-news\/beca-amparo-creamos-un-mundo-mejor-a-traves-de-mejores-colegios\/\",\"url\":\"https:\/\/vermontmedellin.edu.co\/es\/school-news\/beca-amparo-creamos-un-mundo-mejor-a-traves-de-mejores-colegios\/\",\"name\":\"Beca Amparo: Creamos un mundo mejor a trav\u00e9s de mejores colegios - Vermont School Medell\u00edn, un colegio Cognita Redcol - Colegio Vermont School Medellin\",\"isPartOf\":{\"@id\":\"https:\/\/vermontmedellin.edu.co\/es\/pt-br\/#website\"},\"primaryImageOfPage\":{\"@id\":\"https:\/\/vermontmedellin.edu.co\/es\/school-news\/beca-amparo-creamos-un-mundo-mejor-a-traves-de-mejores-colegios\/#primaryimage\"},\"image\":{\"@id\":\"https:\/\/vermontmedellin.edu.co\/es\/school-news\/beca-amparo-creamos-un-mundo-mejor-a-traves-de-mejores-colegios\/#primaryimage\"},\"thumbnailUrl\":\"https:\/\/vermontmedellin.edu.co\/wp-content\/uploads\/sites\/35\/2025\/02\/210526-F0069-1-scaled-1.jpg\",\"datePublished\":\"2025-02-12T18:06:30+00:00\",\"breadcrumb\":{\"@id\":\"https:\/\/vermontmedellin.edu.co\/es\/school-news\/beca-amparo-creamos-un-mundo-mejor-a-traves-de-mejores-colegios\/#breadcrumb\"},\"inLanguage\":\"es\",\"potentialAction\":[{\"@type\":\"ReadAction\",\"target\":[\"https:\/\/vermontmedellin.edu.co\/es\/school-news\/beca-amparo-creamos-un-mundo-mejor-a-traves-de-mejores-colegios\/\"]}]},{\"@type\":\"ImageObject\",\"inLanguage\":\"es\",\"@id\":\"https:\/\/vermontmedellin.edu.co\/es\/school-news\/beca-amparo-creamos-un-mundo-mejor-a-traves-de-mejores-colegios\/#primaryimage\",\"url\":\"https:\/\/vermontmedellin.edu.co\/wp-content\/uploads\/sites\/35\/2025\/02\/210526-F0069-1-scaled-1.jpg\",\"contentUrl\":\"https:\/\/vermontmedellin.edu.co\/wp-content\/uploads\/sites\/35\/2025\/02\/210526-F0069-1-scaled-1.jpg\",\"width\":2560,\"height\":1709},{\"@type\":\"BreadcrumbList\",\"@id\":\"https:\/\/vermontmedellin.edu.co\/es\/school-news\/beca-amparo-creamos-un-mundo-mejor-a-traves-de-mejores-colegios\/#breadcrumb\",\"itemListElement\":[{\"@type\":\"ListItem\",\"position\":1,\"name\":\"Home\",\"item\":\"https:\/\/vermontmedellin.edu.co\/es\/\"},{\"@type\":\"ListItem\",\"position\":2,\"name\":\"Beca Amparo: Creamos un mundo mejor a trav\u00e9s de mejores colegios\"}]},{\"@type\":\"WebSite\",\"@id\":\"https:\/\/vermontmedellin.edu.co\/es\/pt-br\/#website\",\"url\":\"https:\/\/vermontmedellin.edu.co\/es\/pt-br\/\",\"name\":\"Vermont School Medell\u00edn, un colegio Cognita Redcol - Colegio Vermont School Medellin\",\"description\":\"Blog VermontSchool\",\"publisher\":{\"@id\":\"https:\/\/vermontmedellin.edu.co\/es\/pt-br\/#organization\"},\"potentialAction\":[{\"@type\":\"SearchAction\",\"target\":{\"@type\":\"EntryPoint\",\"urlTemplate\":\"https:\/\/vermontmedellin.edu.co\/es\/pt-br\/?s={search_term_string}\"},\"query-input\":{\"@type\":\"PropertyValueSpecification\",\"valueRequired\":true,\"valueName\":\"search_term_string\"}}],\"inLanguage\":\"es\"},{\"@type\":\"Organization\",\"@id\":\"https:\/\/vermontmedellin.edu.co\/es\/pt-br\/#organization\",\"name\":\"Vermont School Medell\u00edn, un colegio Cognita Redcol - Colegio Vermont School Medellin\",\"url\":\"https:\/\/vermontmedellin.edu.co\/es\/pt-br\/\",\"logo\":{\"@type\":\"ImageObject\",\"inLanguage\":\"es\",\"@id\":\"https:\/\/vermontmedellin.edu.co\/es\/pt-br\/#\/schema\/logo\/image\/\",\"url\":\"https:\/\/vermontmedellin.edu.co\/wp-content\/uploads\/sites\/35\/2024\/04\/vermont-logo-cropped.png\",\"contentUrl\":\"https:\/\/vermontmedellin.edu.co\/wp-content\/uploads\/sites\/35\/2024\/04\/vermont-logo-cropped.png\",\"width\":609,\"height\":328,\"caption\":\"Vermont School Medell\u00edn, un colegio Cognita Redcol - Colegio Vermont School Medellin\"},\"image\":{\"@id\":\"https:\/\/vermontmedellin.edu.co\/es\/pt-br\/#\/schema\/logo\/image\/\"},\"sameAs\":[\"https:\/\/www.facebook.com\/vermontschooloficial\",\"https:\/\/x.com\/vermontschoolm\",\"https:\/\/www.instagram.com\/vermontschooloficial\/\",\"https:\/\/www.youtube.com\/@VermontSchoolOficial\"]}]}<\/script>\n<!-- \/ Yoast SEO plugin. -->","yoast_head_json":{"title":"Beca Amparo: Creamos un mundo mejor a trav\u00e9s de mejores colegios - Vermont School Medell\u00edn, un colegio Cognita Redcol - Colegio Vermont School Medellin","robots":{"index":"index","follow":"follow","max-snippet":"max-snippet:-1","max-image-preview":"max-image-preview:large","max-video-preview":"max-video-preview:-1"},"canonical":"https:\/\/vermontmedellin.edu.co\/es\/school-news\/beca-amparo-creamos-un-mundo-mejor-a-traves-de-mejores-colegios\/","og_locale":"es_ES","og_type":"article","og_title":"Beca Amparo: Creamos un mundo mejor a trav\u00e9s de mejores colegios - Vermont School Medell\u00edn, un colegio Cognita Redcol - Colegio Vermont School Medellin","og_description":"Beca Amparo: Creamos un mundo mejor a trav\u00e9s de mejores colegios","og_url":"https:\/\/vermontmedellin.edu.co\/es\/school-news\/beca-amparo-creamos-un-mundo-mejor-a-traves-de-mejores-colegios\/","og_site_name":"Vermont School Medell\u00edn, un colegio Cognita Redcol - Colegio Vermont School Medellin","article_publisher":"https:\/\/www.facebook.com\/vermontschooloficial","og_image":[{"url":"https:\/\/vermontmedellin.edu.co\/wp-content\/uploads\/sites\/35\/2025\/02\/210526-F0069-Feb-28-2024-10-34-56-5106-PM.jpg","type":"","width":"","height":""}],"twitter_card":"summary_large_image","twitter_site":"@vermontschoolm","twitter_misc":{"Tiempo de lectura":"3 minutos"},"schema":{"@context":"https:\/\/schema.org","@graph":[{"@type":"WebPage","@id":"https:\/\/vermontmedellin.edu.co\/es\/school-news\/beca-amparo-creamos-un-mundo-mejor-a-traves-de-mejores-colegios\/","url":"https:\/\/vermontmedellin.edu.co\/es\/school-news\/beca-amparo-creamos-un-mundo-mejor-a-traves-de-mejores-colegios\/","name":"Beca Amparo: Creamos un mundo mejor a trav\u00e9s de mejores colegios - Vermont School Medell\u00edn, un colegio Cognita Redcol - Colegio Vermont School Medellin","isPartOf":{"@id":"https:\/\/vermontmedellin.edu.co\/es\/pt-br\/#website"},"primaryImageOfPage":{"@id":"https:\/\/vermontmedellin.edu.co\/es\/school-news\/beca-amparo-creamos-un-mundo-mejor-a-traves-de-mejores-colegios\/#primaryimage"},"image":{"@id":"https:\/\/vermontmedellin.edu.co\/es\/school-news\/beca-amparo-creamos-un-mundo-mejor-a-traves-de-mejores-colegios\/#primaryimage"},"thumbnailUrl":"https:\/\/vermontmedellin.edu.co\/wp-content\/uploads\/sites\/35\/2025\/02\/210526-F0069-1-scaled-1.jpg","datePublished":"2025-02-12T18:06:30+00:00","breadcrumb":{"@id":"https:\/\/vermontmedellin.edu.co\/es\/school-news\/beca-amparo-creamos-un-mundo-mejor-a-traves-de-mejores-colegios\/#breadcrumb"},"inLanguage":"es","potentialAction":[{"@type":"ReadAction","target":["https:\/\/vermontmedellin.edu.co\/es\/school-news\/beca-amparo-creamos-un-mundo-mejor-a-traves-de-mejores-colegios\/"]}]},{"@type":"ImageObject","inLanguage":"es","@id":"https:\/\/vermontmedellin.edu.co\/es\/school-news\/beca-amparo-creamos-un-mundo-mejor-a-traves-de-mejores-colegios\/#primaryimage","url":"https:\/\/vermontmedellin.edu.co\/wp-content\/uploads\/sites\/35\/2025\/02\/210526-F0069-1-scaled-1.jpg","contentUrl":"https:\/\/vermontmedellin.edu.co\/wp-content\/uploads\/sites\/35\/2025\/02\/210526-F0069-1-scaled-1.jpg","width":2560,"height":1709},{"@type":"BreadcrumbList","@id":"https:\/\/vermontmedellin.edu.co\/es\/school-news\/beca-amparo-creamos-un-mundo-mejor-a-traves-de-mejores-colegios\/#breadcrumb","itemListElement":[{"@type":"ListItem","position":1,"name":"Home","item":"https:\/\/vermontmedellin.edu.co\/es\/"},{"@type":"ListItem","position":2,"name":"Beca Amparo: Creamos un mundo mejor a trav\u00e9s de mejores colegios"}]},{"@type":"WebSite","@id":"https:\/\/vermontmedellin.edu.co\/es\/pt-br\/#website","url":"https:\/\/vermontmedellin.edu.co\/es\/pt-br\/","name":"Vermont School Medell\u00edn, un colegio Cognita Redcol - Colegio Vermont School Medellin","description":"Blog VermontSchool","publisher":{"@id":"https:\/\/vermontmedellin.edu.co\/es\/pt-br\/#organization"},"potentialAction":[{"@type":"SearchAction","target":{"@type":"EntryPoint","urlTemplate":"https:\/\/vermontmedellin.edu.co\/es\/pt-br\/?s={search_term_string}"},"query-input":{"@type":"PropertyValueSpecification","valueRequired":true,"valueName":"search_term_string"}}],"inLanguage":"es"},{"@type":"Organization","@id":"https:\/\/vermontmedellin.edu.co\/es\/pt-br\/#organization","name":"Vermont School Medell\u00edn, un colegio Cognita Redcol - Colegio Vermont School Medellin","url":"https:\/\/vermontmedellin.edu.co\/es\/pt-br\/","logo":{"@type":"ImageObject","inLanguage":"es","@id":"https:\/\/vermontmedellin.edu.co\/es\/pt-br\/#\/schema\/logo\/image\/","url":"https:\/\/vermontmedellin.edu.co\/wp-content\/uploads\/sites\/35\/2024\/04\/vermont-logo-cropped.png","contentUrl":"https:\/\/vermontmedellin.edu.co\/wp-content\/uploads\/sites\/35\/2024\/04\/vermont-logo-cropped.png","width":609,"height":328,"caption":"Vermont School Medell\u00edn, un colegio Cognita Redcol - Colegio Vermont School Medellin"},"image":{"@id":"https:\/\/vermontmedellin.edu.co\/es\/pt-br\/#\/schema\/logo\/image\/"},"sameAs":["https:\/\/www.facebook.com\/vermontschooloficial","https:\/\/x.com\/vermontschoolm","https:\/\/www.instagram.com\/vermontschooloficial\/","https:\/\/www.youtube.com\/@VermontSchoolOficial"]}]}},"jetpack_sharing_enabled":true,"_links":{"self":[{"href":"https:\/\/vermontmedellin.edu.co\/es\/wp-json\/wp\/v2\/school-news\/135","targetHints":{"allow":["GET"]}}],"collection":[{"href":"https:\/\/vermontmedellin.edu.co\/es\/wp-json\/wp\/v2\/school-news"}],"about":[{"href":"https:\/\/vermontmedellin.edu.co\/es\/wp-json\/wp\/v2\/types\/school-news"}],"version-history":[{"count":0,"href":"https:\/\/vermontmedellin.edu.co\/es\/wp-json\/wp\/v2\/school-news\/135\/revisions"}],"wp:featuredmedia":[{"embeddable":true,"href":"https:\/\/vermontmedellin.edu.co\/es\/wp-json\/wp\/v2\/media\/149"}],"wp:attachment":[{"href":"https:\/\/vermontmedellin.edu.co\/es\/wp-json\/wp\/v2\/media?parent=135"}],"curies":[{"name":"wp","href":"https:\/\/api.w.org\/{rel}","templated":true}]}}