{"id":681,"date":"2025-02-12T18:38:03","date_gmt":"2025-02-12T18:38:03","guid":{"rendered":"https:\/\/qrealo.cl\/vermontmedellin\/index.php\/2025\/02\/12\/la-urgencia-de-la-ciudadania-digital\/"},"modified":"2025-02-12T18:38:03","modified_gmt":"2025-02-12T18:38:03","slug":"la-urgencia-de-la-ciudadania-digital","status":"publish","type":"blog","link":"https:\/\/vermontmedellin.edu.co\/es\/blog\/la-urgencia-de-la-ciudadania-digital\/","title":{"rendered":"La urgencia de la ciudadan\u00eda digital"},"content":{"rendered":"<p><span id=\"hs_cos_wrapper_post_body\" class=\"hs_cos_wrapper hs_cos_wrapper_meta_field hs_cos_wrapper_type_rich_text\" data-hs-cos-general-type=\"meta_field\" data-hs-cos-type=\"rich_text\"><\/p>\n<p style=\"text-align: justify\">Con los acontecimientos y agitaciones sociales que se viven en Latinoam\u00e9rica en los \u00faltimos meses, se desnuda la inminente necesidad de la formaci\u00f3n en una ciudadan\u00eda digital eficaz, \u00e9tica y responsable en nuestros ni\u00f1os y j\u00f3venes.&nbsp;<\/p>\n<p> <!--more--> <\/p>\n<p style=\"text-align: justify\"><span>Si bien las redes han sido una herramienta fundamental y clave para las masivas convocatorias, con preocupaci\u00f3n veo que son una babel de mensajes en los que los ni\u00f1os y j\u00f3venes nadan con dificultad; muchos de ellos asisten o apoyan ideas incompletas, algunas de ellas desinformadas y con frecuencia se suman a movimientos contrarios a sus intereses.&nbsp;<\/span><\/p>\n<p><span><img decoding=\"async\" src=\"https:\/\/vermontmedellin.edu.co\/wp-content\/uploads\/sites\/35\/2025\/02\/ipad-820272_640-3.jpg\" alt=\"ipad-820272_640\" width=\"10000\" style=\"width: 10000px;margin: 0px auto\"><\/span><\/p>\n<p style=\"text-align: justify\"><span>Cuando se habla de la educaci\u00f3n digital, lo primero que se nos viene a la cabeza son ni\u00f1os que saben manejar muy bien los programas de ofim\u00e1tica, que hacen que se muevan robots o que empiezan a hacer sus pinos en programaci\u00f3n. Si bien estos elementos son importantes, dejan de lado la formaci\u00f3n para tener el criterio para escoger la informaci\u00f3n que le es \u00fatil y que est\u00e1 apoyada en la verdad.&nbsp;<\/span><\/p>\n<p style=\"text-align: justify\"><strong>La ciudadan\u00eda digital est\u00e1 inmersa en todas las asignaturas y es responsabilidad de todos los maestros en una instituci\u00f3n, desde el de educaci\u00f3n f\u00edsica hasta la rob\u00f3tica, pensar de fondo en c\u00f3mo nutrimos a los ni\u00f1os para que desarrollen el pensamiento cr\u00edtico aplicado en su comportamiento cibern\u00e9tico.&nbsp;<\/strong><\/p>\n<p style=\"text-align: justify\"><span>Para formar buenos ciudadanos digitales en los ni\u00f1os debemos serlo como adultos. <strong>Es por eso que los padres tambi\u00e9n deben aprender de este asunto; saber qu\u00e9 est\u00e1n viendo los ni\u00f1os y participar de las redes que ellos utilizan<\/strong>. Para los j\u00f3venes el Facebook es de viejos, Instagram es para poner fotos oficiales, pero el pensamiento y ciudadan\u00eda est\u00e1 en los inumerables grupos de chats y las r\u00e1fagas de im\u00e1genes del TikTok o Snapchat.&nbsp; Es all\u00ed en donde se comunican y plasman su forma de ver el mundo. Desde all\u00ed nos imitan o nos critican y muy seguramente es desde este mundo digital en donde est\u00e1n planteando c\u00f3mo cambiar\u00e1 el mundo en la siguiente generaci\u00f3n.&nbsp;&nbsp;<\/span><\/p>\n<p><span><img decoding=\"async\" src=\"https:\/\/vermontmedellin.edu.co\/wp-content\/uploads\/sites\/35\/2025\/02\/human-3175027_640-1.jpg\" alt=\"human-3175027_640\" width=\"1000\" style=\"width: 1000px;margin: 0px auto\"><\/span><\/p>\n<p style=\"text-align: justify\"><span>El pa\u00eds lo acaban de paralizar, para bien o para mal, las redes sociales; <strong>si no formamos a nuestros ni\u00f1os y ni\u00f1as con contundencia en este sentido estaremos aportando analfabetas<\/strong> sociales que seguramente en la pr\u00f3xima convocatoria a la reuni\u00f3n masiva se desviar\u00e1n en el vandalismo o en el vociferar ideas vac\u00edas.&nbsp;&nbsp;<\/span><\/p>\n<p style=\"text-align: center\"><span><strong>Por <\/strong>Telmo Pe\u00f1a Amaya, Rector Vermont School<\/span><\/p>\n<p><\/span><\/p>\n","protected":false},"excerpt":{"rendered":"<p>las redes han sido una herramienta fundamental y clave, con preocupaci\u00f3n veo que son una babel de mensajes en los que los ni\u00f1os y j\u00f3venes nadan con dificultad<\/p>\n","protected":false},"featured_media":695,"template":"","class_list":["post-681","blog","type-blog","status-publish","has-post-thumbnail","hentry"],"acf":[],"yoast_head":"<!-- This site is optimized with the Yoast SEO plugin v27.1.1 - https:\/\/yoast.com\/product\/yoast-seo-wordpress\/ -->\n<title>La urgencia de la ciudadan\u00eda digital - Vermont School Medell\u00edn, un colegio Cognita Redcol - Colegio Vermont School Medellin<\/title>\n<meta name=\"robots\" content=\"index, follow, max-snippet:-1, max-image-preview:large, max-video-preview:-1\" \/>\n<link rel=\"canonical\" href=\"https:\/\/vermontmedellin.edu.co\/es\/blog\/la-urgencia-de-la-ciudadania-digital\/\" \/>\n<meta property=\"og:locale\" content=\"es_ES\" \/>\n<meta property=\"og:type\" content=\"article\" \/>\n<meta property=\"og:title\" content=\"La urgencia de la ciudadan\u00eda digital - Vermont School Medell\u00edn, un colegio Cognita Redcol - Colegio Vermont School Medellin\" \/>\n<meta property=\"og:description\" content=\"las redes han sido una herramienta fundamental y clave, con preocupaci\u00f3n veo que son una babel de mensajes en los que los ni\u00f1os y j\u00f3venes nadan con dificultad\" \/>\n<meta property=\"og:url\" content=\"https:\/\/vermontmedellin.edu.co\/es\/blog\/la-urgencia-de-la-ciudadania-digital\/\" \/>\n<meta property=\"og:site_name\" content=\"Vermont School Medell\u00edn, un colegio Cognita Redcol - Colegio Vermont School Medellin\" \/>\n<meta property=\"article:publisher\" content=\"https:\/\/www.facebook.com\/vermontschooloficial\" \/>\n<meta property=\"og:image\" content=\"https:\/\/vermontmedellin.edu.co\/wp-content\/uploads\/sites\/35\/2025\/02\/ipad-820272_640-3.jpg\" \/>\n<meta name=\"twitter:card\" content=\"summary_large_image\" \/>\n<meta name=\"twitter:site\" content=\"@vermontschoolm\" \/>\n<meta name=\"twitter:label1\" content=\"Tiempo de lectura\" \/>\n\t<meta name=\"twitter:data1\" content=\"2 minutos\" \/>\n<script type=\"application\/ld+json\" class=\"yoast-schema-graph\">{\"@context\":\"https:\/\/schema.org\",\"@graph\":[{\"@type\":\"WebPage\",\"@id\":\"https:\/\/vermontmedellin.edu.co\/es\/blog\/la-urgencia-de-la-ciudadania-digital\/\",\"url\":\"https:\/\/vermontmedellin.edu.co\/es\/blog\/la-urgencia-de-la-ciudadania-digital\/\",\"name\":\"La urgencia de la ciudadan\u00eda digital - Vermont School Medell\u00edn, un colegio Cognita Redcol - Colegio Vermont School Medellin\",\"isPartOf\":{\"@id\":\"https:\/\/vermontmedellin.edu.co\/es\/pt-br\/#website\"},\"primaryImageOfPage\":{\"@id\":\"https:\/\/vermontmedellin.edu.co\/es\/blog\/la-urgencia-de-la-ciudadania-digital\/#primaryimage\"},\"image\":{\"@id\":\"https:\/\/vermontmedellin.edu.co\/es\/blog\/la-urgencia-de-la-ciudadania-digital\/#primaryimage\"},\"thumbnailUrl\":\"https:\/\/vermontmedellin.edu.co\/wp-content\/uploads\/sites\/35\/2025\/02\/img-blog-la-urgencia-de-la-ciudadania-digital-vermont-school-medellin-895x430-1.jpeg\",\"datePublished\":\"2025-02-12T18:38:03+00:00\",\"breadcrumb\":{\"@id\":\"https:\/\/vermontmedellin.edu.co\/es\/blog\/la-urgencia-de-la-ciudadania-digital\/#breadcrumb\"},\"inLanguage\":\"es\",\"potentialAction\":[{\"@type\":\"ReadAction\",\"target\":[\"https:\/\/vermontmedellin.edu.co\/es\/blog\/la-urgencia-de-la-ciudadania-digital\/\"]}]},{\"@type\":\"ImageObject\",\"inLanguage\":\"es\",\"@id\":\"https:\/\/vermontmedellin.edu.co\/es\/blog\/la-urgencia-de-la-ciudadania-digital\/#primaryimage\",\"url\":\"https:\/\/vermontmedellin.edu.co\/wp-content\/uploads\/sites\/35\/2025\/02\/img-blog-la-urgencia-de-la-ciudadania-digital-vermont-school-medellin-895x430-1.jpeg\",\"contentUrl\":\"https:\/\/vermontmedellin.edu.co\/wp-content\/uploads\/sites\/35\/2025\/02\/img-blog-la-urgencia-de-la-ciudadania-digital-vermont-school-medellin-895x430-1.jpeg\",\"width\":895,\"height\":430},{\"@type\":\"BreadcrumbList\",\"@id\":\"https:\/\/vermontmedellin.edu.co\/es\/blog\/la-urgencia-de-la-ciudadania-digital\/#breadcrumb\",\"itemListElement\":[{\"@type\":\"ListItem\",\"position\":1,\"name\":\"Home\",\"item\":\"https:\/\/vermontmedellin.edu.co\/es\/\"},{\"@type\":\"ListItem\",\"position\":2,\"name\":\"La urgencia de la ciudadan\u00eda digital\"}]},{\"@type\":\"WebSite\",\"@id\":\"https:\/\/vermontmedellin.edu.co\/es\/pt-br\/#website\",\"url\":\"https:\/\/vermontmedellin.edu.co\/es\/pt-br\/\",\"name\":\"Vermont School Medell\u00edn, un colegio Cognita Redcol - Colegio Vermont School Medellin\",\"description\":\"Blog VermontSchool\",\"publisher\":{\"@id\":\"https:\/\/vermontmedellin.edu.co\/es\/pt-br\/#organization\"},\"potentialAction\":[{\"@type\":\"SearchAction\",\"target\":{\"@type\":\"EntryPoint\",\"urlTemplate\":\"https:\/\/vermontmedellin.edu.co\/es\/pt-br\/?s={search_term_string}\"},\"query-input\":{\"@type\":\"PropertyValueSpecification\",\"valueRequired\":true,\"valueName\":\"search_term_string\"}}],\"inLanguage\":\"es\"},{\"@type\":\"Organization\",\"@id\":\"https:\/\/vermontmedellin.edu.co\/es\/pt-br\/#organization\",\"name\":\"Vermont School Medell\u00edn, un colegio Cognita Redcol - Colegio Vermont School Medellin\",\"url\":\"https:\/\/vermontmedellin.edu.co\/es\/pt-br\/\",\"logo\":{\"@type\":\"ImageObject\",\"inLanguage\":\"es\",\"@id\":\"https:\/\/vermontmedellin.edu.co\/es\/pt-br\/#\/schema\/logo\/image\/\",\"url\":\"https:\/\/vermontmedellin.edu.co\/wp-content\/uploads\/sites\/35\/2024\/04\/vermont-logo-cropped.png\",\"contentUrl\":\"https:\/\/vermontmedellin.edu.co\/wp-content\/uploads\/sites\/35\/2024\/04\/vermont-logo-cropped.png\",\"width\":609,\"height\":328,\"caption\":\"Vermont School Medell\u00edn, un colegio Cognita Redcol - Colegio Vermont School Medellin\"},\"image\":{\"@id\":\"https:\/\/vermontmedellin.edu.co\/es\/pt-br\/#\/schema\/logo\/image\/\"},\"sameAs\":[\"https:\/\/www.facebook.com\/vermontschooloficial\",\"https:\/\/x.com\/vermontschoolm\",\"https:\/\/www.instagram.com\/vermontschooloficial\/\",\"https:\/\/www.youtube.com\/@VermontSchoolOficial\"]}]}<\/script>\n<!-- \/ Yoast SEO plugin. -->","yoast_head_json":{"title":"La urgencia de la ciudadan\u00eda digital - Vermont School Medell\u00edn, un colegio Cognita Redcol - Colegio Vermont School Medellin","robots":{"index":"index","follow":"follow","max-snippet":"max-snippet:-1","max-image-preview":"max-image-preview:large","max-video-preview":"max-video-preview:-1"},"canonical":"https:\/\/vermontmedellin.edu.co\/es\/blog\/la-urgencia-de-la-ciudadania-digital\/","og_locale":"es_ES","og_type":"article","og_title":"La urgencia de la ciudadan\u00eda digital - Vermont School Medell\u00edn, un colegio Cognita Redcol - Colegio Vermont School Medellin","og_description":"las redes han sido una herramienta fundamental y clave, con preocupaci\u00f3n veo que son una babel de mensajes en los que los ni\u00f1os y j\u00f3venes nadan con dificultad","og_url":"https:\/\/vermontmedellin.edu.co\/es\/blog\/la-urgencia-de-la-ciudadania-digital\/","og_site_name":"Vermont School Medell\u00edn, un colegio Cognita Redcol - Colegio Vermont School Medellin","article_publisher":"https:\/\/www.facebook.com\/vermontschooloficial","og_image":[{"url":"https:\/\/vermontmedellin.edu.co\/wp-content\/uploads\/sites\/35\/2025\/02\/ipad-820272_640-3.jpg","type":"","width":"","height":""}],"twitter_card":"summary_large_image","twitter_site":"@vermontschoolm","twitter_misc":{"Tiempo de lectura":"2 minutos"},"schema":{"@context":"https:\/\/schema.org","@graph":[{"@type":"WebPage","@id":"https:\/\/vermontmedellin.edu.co\/es\/blog\/la-urgencia-de-la-ciudadania-digital\/","url":"https:\/\/vermontmedellin.edu.co\/es\/blog\/la-urgencia-de-la-ciudadania-digital\/","name":"La urgencia de la ciudadan\u00eda digital - Vermont School Medell\u00edn, un colegio Cognita Redcol - Colegio Vermont School Medellin","isPartOf":{"@id":"https:\/\/vermontmedellin.edu.co\/es\/pt-br\/#website"},"primaryImageOfPage":{"@id":"https:\/\/vermontmedellin.edu.co\/es\/blog\/la-urgencia-de-la-ciudadania-digital\/#primaryimage"},"image":{"@id":"https:\/\/vermontmedellin.edu.co\/es\/blog\/la-urgencia-de-la-ciudadania-digital\/#primaryimage"},"thumbnailUrl":"https:\/\/vermontmedellin.edu.co\/wp-content\/uploads\/sites\/35\/2025\/02\/img-blog-la-urgencia-de-la-ciudadania-digital-vermont-school-medellin-895x430-1.jpeg","datePublished":"2025-02-12T18:38:03+00:00","breadcrumb":{"@id":"https:\/\/vermontmedellin.edu.co\/es\/blog\/la-urgencia-de-la-ciudadania-digital\/#breadcrumb"},"inLanguage":"es","potentialAction":[{"@type":"ReadAction","target":["https:\/\/vermontmedellin.edu.co\/es\/blog\/la-urgencia-de-la-ciudadania-digital\/"]}]},{"@type":"ImageObject","inLanguage":"es","@id":"https:\/\/vermontmedellin.edu.co\/es\/blog\/la-urgencia-de-la-ciudadania-digital\/#primaryimage","url":"https:\/\/vermontmedellin.edu.co\/wp-content\/uploads\/sites\/35\/2025\/02\/img-blog-la-urgencia-de-la-ciudadania-digital-vermont-school-medellin-895x430-1.jpeg","contentUrl":"https:\/\/vermontmedellin.edu.co\/wp-content\/uploads\/sites\/35\/2025\/02\/img-blog-la-urgencia-de-la-ciudadania-digital-vermont-school-medellin-895x430-1.jpeg","width":895,"height":430},{"@type":"BreadcrumbList","@id":"https:\/\/vermontmedellin.edu.co\/es\/blog\/la-urgencia-de-la-ciudadania-digital\/#breadcrumb","itemListElement":[{"@type":"ListItem","position":1,"name":"Home","item":"https:\/\/vermontmedellin.edu.co\/es\/"},{"@type":"ListItem","position":2,"name":"La urgencia de la ciudadan\u00eda digital"}]},{"@type":"WebSite","@id":"https:\/\/vermontmedellin.edu.co\/es\/pt-br\/#website","url":"https:\/\/vermontmedellin.edu.co\/es\/pt-br\/","name":"Vermont School Medell\u00edn, un colegio Cognita Redcol - Colegio Vermont School Medellin","description":"Blog VermontSchool","publisher":{"@id":"https:\/\/vermontmedellin.edu.co\/es\/pt-br\/#organization"},"potentialAction":[{"@type":"SearchAction","target":{"@type":"EntryPoint","urlTemplate":"https:\/\/vermontmedellin.edu.co\/es\/pt-br\/?s={search_term_string}"},"query-input":{"@type":"PropertyValueSpecification","valueRequired":true,"valueName":"search_term_string"}}],"inLanguage":"es"},{"@type":"Organization","@id":"https:\/\/vermontmedellin.edu.co\/es\/pt-br\/#organization","name":"Vermont School Medell\u00edn, un colegio Cognita Redcol - Colegio Vermont School Medellin","url":"https:\/\/vermontmedellin.edu.co\/es\/pt-br\/","logo":{"@type":"ImageObject","inLanguage":"es","@id":"https:\/\/vermontmedellin.edu.co\/es\/pt-br\/#\/schema\/logo\/image\/","url":"https:\/\/vermontmedellin.edu.co\/wp-content\/uploads\/sites\/35\/2024\/04\/vermont-logo-cropped.png","contentUrl":"https:\/\/vermontmedellin.edu.co\/wp-content\/uploads\/sites\/35\/2024\/04\/vermont-logo-cropped.png","width":609,"height":328,"caption":"Vermont School Medell\u00edn, un colegio Cognita Redcol - Colegio Vermont School Medellin"},"image":{"@id":"https:\/\/vermontmedellin.edu.co\/es\/pt-br\/#\/schema\/logo\/image\/"},"sameAs":["https:\/\/www.facebook.com\/vermontschooloficial","https:\/\/x.com\/vermontschoolm","https:\/\/www.instagram.com\/vermontschooloficial\/","https:\/\/www.youtube.com\/@VermontSchoolOficial"]}]}},"jetpack_sharing_enabled":true,"_links":{"self":[{"href":"https:\/\/vermontmedellin.edu.co\/es\/wp-json\/wp\/v2\/blog\/681","targetHints":{"allow":["GET"]}}],"collection":[{"href":"https:\/\/vermontmedellin.edu.co\/es\/wp-json\/wp\/v2\/blog"}],"about":[{"href":"https:\/\/vermontmedellin.edu.co\/es\/wp-json\/wp\/v2\/types\/blog"}],"version-history":[{"count":0,"href":"https:\/\/vermontmedellin.edu.co\/es\/wp-json\/wp\/v2\/blog\/681\/revisions"}],"wp:featuredmedia":[{"embeddable":true,"href":"https:\/\/vermontmedellin.edu.co\/es\/wp-json\/wp\/v2\/media\/695"}],"wp:attachment":[{"href":"https:\/\/vermontmedellin.edu.co\/es\/wp-json\/wp\/v2\/media?parent=681"}],"curies":[{"name":"wp","href":"https:\/\/api.w.org\/{rel}","templated":true}]}}