{"id":601,"date":"2025-02-12T18:35:09","date_gmt":"2025-02-12T18:35:09","guid":{"rendered":"https:\/\/qrealo.cl\/vermontmedellin\/index.php\/2025\/02\/12\/los-nuevos-colegios\/"},"modified":"2025-02-12T18:35:09","modified_gmt":"2025-02-12T18:35:09","slug":"los-nuevos-colegios","status":"publish","type":"blog","link":"https:\/\/vermontmedellin.edu.co\/es\/blog\/los-nuevos-colegios\/","title":{"rendered":"Los nuevos colegios"},"content":{"rendered":"<p><span id=\"hs_cos_wrapper_post_body\" class=\"hs_cos_wrapper hs_cos_wrapper_meta_field hs_cos_wrapper_type_rich_text\" data-hs-cos-general-type=\"meta_field\" data-hs-cos-type=\"rich_text\"><\/p>\n<p style=\"font-size: 14px\">El COVID-19 ha sido una bendici\u00f3n para la educaci\u00f3n. Nos ha hecho pensar de manera distinta, a poner los procesos pedag\u00f3gicos, a los estudiantes y sus familias en el centro de la conversaci\u00f3n y a preocuparnos menos por sentar ladrillos y justificar nuestros colegios desde las instalaciones.<\/p>\n<p> <!--more--><\/p>\n<hr>\n<p style=\"text-align: justify\">Es claro que desde el siglo XIX poco hab\u00eda cambiado en el modelo educativo implantado en la revoluci\u00f3n industrial, pero desde marzo de 2020 los paradigmas de la educaci\u00f3n cambiaron completamente. Confirmamos que los ni\u00f1os tienen un potencial que va mucho m\u00e1s all\u00e1 de lo que pens\u00e1bamos, vimos que los curr\u00edculos tienen muchos a\u00f1adidos que de pronto nos distraen de ense\u00f1ar lo fundamental, aprendimos que la evaluaci\u00f3n debe ir mucho m\u00e1s lejos de la selecci\u00f3n m\u00faltiple y debe permitir que el aprendiz demuestre lo que sabe, encontramos que los buenos maestros son los que son claros, efectivos y sobretodo emp\u00e1ticos en su mensaje educativo. <strong>Nos dimos cuenta que con la virtualidad o el aprendizaje a la distancia, la formaci\u00f3n de valores, de honestidad y probidad acad\u00e9mica son fundamentales.<\/strong> Evidenciamos que la formaci\u00f3n en ciudadan\u00eda digital es tan importante como la matem\u00e1tica. Nos cuestion\u00f3 el ver que es una irresponsabilidad no darle una pronunciada atenci\u00f3n a la educaci\u00f3n f\u00edsica y c\u00f3mo esta es crucial no s\u00f3lo para el desarrollo motriz, sino para la sanidad mental de los humanos en formaci\u00f3n para el resto de sus vidas.<\/p>\n<p style=\"text-align: justify\"><img decoding=\"async\" src=\"https:\/\/vermontmedellin.edu.co\/wp-content\/uploads\/sites\/35\/2025\/02\/siDSC_0019-1-2-scaled.jpg\" alt=\"si\u0301DSC_0019-1\" width=\"5534\" style=\"width: 5534px\"><\/p>\n<p style=\"text-align: justify\">En cuanto a entrar a las casas de nuestros estudiantes a trav\u00e9s de las c\u00e1maras del computador, nos deslumbr\u00f3 tener en las clases a padres participativos, a mascotas disruptivas, a hermanos curiosos y juguetones entre otros muchos agentes que antes ni nos so\u00f1\u00e1bamos como parte del acto educativo. De la misma manera, como maestros hemos tenido que mostrar nuestro entorno y mostrar nuestra humanidad; las decoraciones de las salas y habitaciones en que trabajamos, a nuestros hijos, nuestras parejas y tambi\u00e9n a los animales con que compartimos el techo. <strong>Estos procesos de empat\u00eda rec\u00edproca y forzada nos han hecho replantear muchas cosas y abrir un enorme port\u00f3n de posibilidades para el regreso a los colegios.<\/strong><\/p>\n<p style=\"text-align: justify\"><strong><img decoding=\"async\" src=\"https:\/\/vermontmedellin.edu.co\/wp-content\/uploads\/sites\/35\/2025\/02\/Estudiante-virtual-4.jpg\" alt=\"Estudiante virtual\" width=\"1125\" style=\"width: 1125px\"><\/strong><\/p>\n<p style=\"text-align: justify\"><span style=\"color: #444444\">Si volvemos a los colegios para hacer lo mismo que ven\u00edamos haciendo antes de la pandemia, ser\u00eda igual que seguir arrastrando las cosas despu\u00e9s de que se haya inventado la rueda<\/span>. <strong>Es clave que centremos nuestros proyectos en la empat\u00eda<\/strong> y la humanidad rec\u00edproca entre todos los que participamos del contexto escolar. Debemos tener claro que el tiempo en el colegio es precioso y por tanto los curr\u00edculos tambi\u00e9n deben serlo; depurar para ense\u00f1ar lo fundamental y siempre tener claro que si no cautivamos a los estudiantes es que estamos fracasando y debemos replantear. Es clave tener claro que la modalidad virtual debe ser una herramienta que no debe acabarse sino ser una alternativa permanente para los estudiantes o docentes que no puedan asistir por cualquier raz\u00f3n. Los modelos de evaluaci\u00f3n tienen que ser cada vez m\u00e1s transparentes; la retroalimentaci\u00f3n no puede ser un simple n\u00famero, una cruz o un chulo sino que siempre debe tener una explicaci\u00f3n detallada de c\u00f3mo mejorar y hacerlo dando la cara. En esta evaluaci\u00f3n es clave involucrar a los pap\u00e1s para que puedan evaluar el progreso de sus hijos y que no renuncien a ser los tutores fundamentales de sus peque\u00f1os, sus ejemplos de vida, sus retratos.<\/p>\n<p style=\"text-align: justify\"><strong><span style=\"color: #000000\">Pero lo m\u00e1s importante es la materia favorita de la gran mayor\u00eda de nuestros ni\u00f1os y ni\u00f1as del mundo; el recreo. Es all\u00ed en donde forman con independencia sus amistades, donde rivalizan pero aprenden con ello a ser equilibrados, es all\u00ed en donde se r\u00eden sin libreto, en donde deciden qu\u00e9 comprar en la tienda para ahorrar o invitar a sus amigos, es en donde se enamoran y aprenden las angustias que hay en ello.<\/span><\/strong><\/p>\n<p style=\"text-align: justify\">Muchas veces me preguntan si la presencialidad en los colegios es absolutamente necesaria y desde mi perspectiva es un rotundo s\u00ed. Aun as\u00ed, creo que esta respuesta est\u00e1 condicionada a que volvamos a un colegio renovado, no s\u00f3lo las contemplaciones antes mencionadas sino adem\u00e1s con una profunda convicci\u00f3n de que la nueva escuela debe ser un lugar en donde celebremos estar juntos y poder crecer como humanos competentes, honestos, solucionadores de problemas, rigurosos, activos e inspirados. Me preocupa que la conversaci\u00f3n de la apertura de los colegios se centre demasiado en los protocolos de bioseguridad que, por supuesto son absolutamente importantes, pero el acto escolar va m\u00e1s lejos y profundo que estos protocolos. Sin duda seremos eficientes en tener espacios saludables, tendremos muchos cuidados en el lavado de manos, uso de tapabocas, controles de acceso y temperatura corporal, cosas que pueden ser complejas en un inicio, pero se que mecanizaremos como el uso de las corbatas de algunos colegios o el de tener las medias hasta las rodillas en algunos otros. Lo importante est\u00e1 en la interacci\u00f3n, en la representaci\u00f3n que vamos a darles a los estudiantes de la sociedad lo cual es el real juego de fondo de los colegios. La presencialidad es clave para que el rol de ser humanos postpand\u00e9micos se pueda dar de una forma constructiva y que no se nutra la renuncia a actuar comunitariamente. La presencialidad es importante para lo que ya alud\u00ed que pasa en los recreos lo cual debo confesar que pasa tambi\u00e9n en el subtexto de las clases.<\/p>\n<p style=\"text-align: justify\">Como padre de 3 hijos s\u00e9 del miedo que nos puede dar el mandar a nuestros hijos al colegio, es por esto que las instituciones educativas tendremos la enorme obligaci\u00f3n de adem\u00e1s de plantear un renovado escenario de nuestros proyectos educativos, centrarnos en ganarnos la confianza de las familias, trabajar con ellos y construir el colegio nuevo entre todos. <strong>Debemos demostrar que siempre trabajaremos por la seguridad y salud de nuestros ni\u00f1os<\/strong> como prioridad, pero que tambi\u00e9n aprovechamos ese gran curso COVID para ser mejores instituciones educativas.<\/p>\n<p style=\"text-align: justify\">&nbsp;<\/p>\n<p style=\"text-align: center\"><span style=\"color: #69a84f\"><span style=\"font-size: 18px\">Por: <\/span><span style=\"color: #999999\"><span style=\"font-size: 18px\">Telmo Pe\u00f1a Amaya, rector Vermont School<\/span>.<\/span><\/span><\/p>\n<p><\/span><\/p>\n","protected":false},"excerpt":{"rendered":"<p>Los nuevos colegios<\/p>\n","protected":false},"featured_media":615,"template":"","class_list":["post-601","blog","type-blog","status-publish","has-post-thumbnail","hentry"],"acf":[],"yoast_head":"<!-- This site is optimized with the Yoast SEO plugin v27.1.1 - https:\/\/yoast.com\/product\/yoast-seo-wordpress\/ -->\n<title>Los nuevos colegios - Vermont School Medell\u00edn, un colegio Cognita Redcol - Colegio Vermont School Medellin<\/title>\n<meta name=\"robots\" content=\"index, follow, max-snippet:-1, max-image-preview:large, max-video-preview:-1\" \/>\n<link rel=\"canonical\" href=\"https:\/\/vermontmedellin.edu.co\/es\/blog\/los-nuevos-colegios\/\" \/>\n<meta property=\"og:locale\" content=\"es_ES\" \/>\n<meta property=\"og:type\" content=\"article\" \/>\n<meta property=\"og:title\" content=\"Los nuevos colegios - Vermont School Medell\u00edn, un colegio Cognita Redcol - Colegio Vermont School Medellin\" \/>\n<meta property=\"og:description\" content=\"Los nuevos colegios\" \/>\n<meta property=\"og:url\" content=\"https:\/\/vermontmedellin.edu.co\/es\/blog\/los-nuevos-colegios\/\" \/>\n<meta property=\"og:site_name\" content=\"Vermont School Medell\u00edn, un colegio Cognita Redcol - Colegio Vermont School Medellin\" \/>\n<meta property=\"article:publisher\" content=\"https:\/\/www.facebook.com\/vermontschooloficial\" \/>\n<meta property=\"og:image\" content=\"https:\/\/vermontmedellin.edu.co\/wp-content\/uploads\/sites\/35\/2025\/02\/siDSC_0019-1-2-scaled.jpg\" \/>\n<meta name=\"twitter:card\" content=\"summary_large_image\" \/>\n<meta name=\"twitter:site\" content=\"@vermontschoolm\" \/>\n<meta name=\"twitter:label1\" content=\"Tiempo de lectura\" \/>\n\t<meta name=\"twitter:data1\" content=\"5 minutos\" \/>\n<script type=\"application\/ld+json\" class=\"yoast-schema-graph\">{\"@context\":\"https:\/\/schema.org\",\"@graph\":[{\"@type\":\"WebPage\",\"@id\":\"https:\/\/vermontmedellin.edu.co\/es\/blog\/los-nuevos-colegios\/\",\"url\":\"https:\/\/vermontmedellin.edu.co\/es\/blog\/los-nuevos-colegios\/\",\"name\":\"Los nuevos colegios - Vermont School Medell\u00edn, un colegio Cognita Redcol - Colegio Vermont School Medellin\",\"isPartOf\":{\"@id\":\"https:\/\/vermontmedellin.edu.co\/es\/pt-br\/#website\"},\"primaryImageOfPage\":{\"@id\":\"https:\/\/vermontmedellin.edu.co\/es\/blog\/los-nuevos-colegios\/#primaryimage\"},\"image\":{\"@id\":\"https:\/\/vermontmedellin.edu.co\/es\/blog\/los-nuevos-colegios\/#primaryimage\"},\"thumbnailUrl\":\"https:\/\/vermontmedellin.edu.co\/wp-content\/uploads\/sites\/35\/2025\/02\/Captura-de-pantalla-2020-07-08-a-las-4_09_12-p_m_.png\",\"datePublished\":\"2025-02-12T18:35:09+00:00\",\"breadcrumb\":{\"@id\":\"https:\/\/vermontmedellin.edu.co\/es\/blog\/los-nuevos-colegios\/#breadcrumb\"},\"inLanguage\":\"es\",\"potentialAction\":[{\"@type\":\"ReadAction\",\"target\":[\"https:\/\/vermontmedellin.edu.co\/es\/blog\/los-nuevos-colegios\/\"]}]},{\"@type\":\"ImageObject\",\"inLanguage\":\"es\",\"@id\":\"https:\/\/vermontmedellin.edu.co\/es\/blog\/los-nuevos-colegios\/#primaryimage\",\"url\":\"https:\/\/vermontmedellin.edu.co\/wp-content\/uploads\/sites\/35\/2025\/02\/Captura-de-pantalla-2020-07-08-a-las-4_09_12-p_m_.png\",\"contentUrl\":\"https:\/\/vermontmedellin.edu.co\/wp-content\/uploads\/sites\/35\/2025\/02\/Captura-de-pantalla-2020-07-08-a-las-4_09_12-p_m_.png\",\"width\":907,\"height\":588},{\"@type\":\"BreadcrumbList\",\"@id\":\"https:\/\/vermontmedellin.edu.co\/es\/blog\/los-nuevos-colegios\/#breadcrumb\",\"itemListElement\":[{\"@type\":\"ListItem\",\"position\":1,\"name\":\"Home\",\"item\":\"https:\/\/vermontmedellin.edu.co\/es\/\"},{\"@type\":\"ListItem\",\"position\":2,\"name\":\"Los nuevos colegios\"}]},{\"@type\":\"WebSite\",\"@id\":\"https:\/\/vermontmedellin.edu.co\/es\/pt-br\/#website\",\"url\":\"https:\/\/vermontmedellin.edu.co\/es\/pt-br\/\",\"name\":\"Vermont School Medell\u00edn, un colegio Cognita Redcol - Colegio Vermont School Medellin\",\"description\":\"Blog VermontSchool\",\"publisher\":{\"@id\":\"https:\/\/vermontmedellin.edu.co\/es\/pt-br\/#organization\"},\"potentialAction\":[{\"@type\":\"SearchAction\",\"target\":{\"@type\":\"EntryPoint\",\"urlTemplate\":\"https:\/\/vermontmedellin.edu.co\/es\/pt-br\/?s={search_term_string}\"},\"query-input\":{\"@type\":\"PropertyValueSpecification\",\"valueRequired\":true,\"valueName\":\"search_term_string\"}}],\"inLanguage\":\"es\"},{\"@type\":\"Organization\",\"@id\":\"https:\/\/vermontmedellin.edu.co\/es\/pt-br\/#organization\",\"name\":\"Vermont School Medell\u00edn, un colegio Cognita Redcol - Colegio Vermont School Medellin\",\"url\":\"https:\/\/vermontmedellin.edu.co\/es\/pt-br\/\",\"logo\":{\"@type\":\"ImageObject\",\"inLanguage\":\"es\",\"@id\":\"https:\/\/vermontmedellin.edu.co\/es\/pt-br\/#\/schema\/logo\/image\/\",\"url\":\"https:\/\/vermontmedellin.edu.co\/wp-content\/uploads\/sites\/35\/2024\/04\/vermont-logo-cropped.png\",\"contentUrl\":\"https:\/\/vermontmedellin.edu.co\/wp-content\/uploads\/sites\/35\/2024\/04\/vermont-logo-cropped.png\",\"width\":609,\"height\":328,\"caption\":\"Vermont School Medell\u00edn, un colegio Cognita Redcol - Colegio Vermont School Medellin\"},\"image\":{\"@id\":\"https:\/\/vermontmedellin.edu.co\/es\/pt-br\/#\/schema\/logo\/image\/\"},\"sameAs\":[\"https:\/\/www.facebook.com\/vermontschooloficial\",\"https:\/\/x.com\/vermontschoolm\",\"https:\/\/www.instagram.com\/vermontschooloficial\/\",\"https:\/\/www.youtube.com\/@VermontSchoolOficial\"]}]}<\/script>\n<!-- \/ Yoast SEO plugin. -->","yoast_head_json":{"title":"Los nuevos colegios - Vermont School Medell\u00edn, un colegio Cognita Redcol - Colegio Vermont School Medellin","robots":{"index":"index","follow":"follow","max-snippet":"max-snippet:-1","max-image-preview":"max-image-preview:large","max-video-preview":"max-video-preview:-1"},"canonical":"https:\/\/vermontmedellin.edu.co\/es\/blog\/los-nuevos-colegios\/","og_locale":"es_ES","og_type":"article","og_title":"Los nuevos colegios - Vermont School Medell\u00edn, un colegio Cognita Redcol - Colegio Vermont School Medellin","og_description":"Los nuevos colegios","og_url":"https:\/\/vermontmedellin.edu.co\/es\/blog\/los-nuevos-colegios\/","og_site_name":"Vermont School Medell\u00edn, un colegio Cognita Redcol - Colegio Vermont School Medellin","article_publisher":"https:\/\/www.facebook.com\/vermontschooloficial","og_image":[{"url":"https:\/\/vermontmedellin.edu.co\/wp-content\/uploads\/sites\/35\/2025\/02\/siDSC_0019-1-2-scaled.jpg","type":"","width":"","height":""}],"twitter_card":"summary_large_image","twitter_site":"@vermontschoolm","twitter_misc":{"Tiempo de lectura":"5 minutos"},"schema":{"@context":"https:\/\/schema.org","@graph":[{"@type":"WebPage","@id":"https:\/\/vermontmedellin.edu.co\/es\/blog\/los-nuevos-colegios\/","url":"https:\/\/vermontmedellin.edu.co\/es\/blog\/los-nuevos-colegios\/","name":"Los nuevos colegios - Vermont School Medell\u00edn, un colegio Cognita Redcol - Colegio Vermont School Medellin","isPartOf":{"@id":"https:\/\/vermontmedellin.edu.co\/es\/pt-br\/#website"},"primaryImageOfPage":{"@id":"https:\/\/vermontmedellin.edu.co\/es\/blog\/los-nuevos-colegios\/#primaryimage"},"image":{"@id":"https:\/\/vermontmedellin.edu.co\/es\/blog\/los-nuevos-colegios\/#primaryimage"},"thumbnailUrl":"https:\/\/vermontmedellin.edu.co\/wp-content\/uploads\/sites\/35\/2025\/02\/Captura-de-pantalla-2020-07-08-a-las-4_09_12-p_m_.png","datePublished":"2025-02-12T18:35:09+00:00","breadcrumb":{"@id":"https:\/\/vermontmedellin.edu.co\/es\/blog\/los-nuevos-colegios\/#breadcrumb"},"inLanguage":"es","potentialAction":[{"@type":"ReadAction","target":["https:\/\/vermontmedellin.edu.co\/es\/blog\/los-nuevos-colegios\/"]}]},{"@type":"ImageObject","inLanguage":"es","@id":"https:\/\/vermontmedellin.edu.co\/es\/blog\/los-nuevos-colegios\/#primaryimage","url":"https:\/\/vermontmedellin.edu.co\/wp-content\/uploads\/sites\/35\/2025\/02\/Captura-de-pantalla-2020-07-08-a-las-4_09_12-p_m_.png","contentUrl":"https:\/\/vermontmedellin.edu.co\/wp-content\/uploads\/sites\/35\/2025\/02\/Captura-de-pantalla-2020-07-08-a-las-4_09_12-p_m_.png","width":907,"height":588},{"@type":"BreadcrumbList","@id":"https:\/\/vermontmedellin.edu.co\/es\/blog\/los-nuevos-colegios\/#breadcrumb","itemListElement":[{"@type":"ListItem","position":1,"name":"Home","item":"https:\/\/vermontmedellin.edu.co\/es\/"},{"@type":"ListItem","position":2,"name":"Los nuevos colegios"}]},{"@type":"WebSite","@id":"https:\/\/vermontmedellin.edu.co\/es\/pt-br\/#website","url":"https:\/\/vermontmedellin.edu.co\/es\/pt-br\/","name":"Vermont School Medell\u00edn, un colegio Cognita Redcol - Colegio Vermont School Medellin","description":"Blog VermontSchool","publisher":{"@id":"https:\/\/vermontmedellin.edu.co\/es\/pt-br\/#organization"},"potentialAction":[{"@type":"SearchAction","target":{"@type":"EntryPoint","urlTemplate":"https:\/\/vermontmedellin.edu.co\/es\/pt-br\/?s={search_term_string}"},"query-input":{"@type":"PropertyValueSpecification","valueRequired":true,"valueName":"search_term_string"}}],"inLanguage":"es"},{"@type":"Organization","@id":"https:\/\/vermontmedellin.edu.co\/es\/pt-br\/#organization","name":"Vermont School Medell\u00edn, un colegio Cognita Redcol - Colegio Vermont School Medellin","url":"https:\/\/vermontmedellin.edu.co\/es\/pt-br\/","logo":{"@type":"ImageObject","inLanguage":"es","@id":"https:\/\/vermontmedellin.edu.co\/es\/pt-br\/#\/schema\/logo\/image\/","url":"https:\/\/vermontmedellin.edu.co\/wp-content\/uploads\/sites\/35\/2024\/04\/vermont-logo-cropped.png","contentUrl":"https:\/\/vermontmedellin.edu.co\/wp-content\/uploads\/sites\/35\/2024\/04\/vermont-logo-cropped.png","width":609,"height":328,"caption":"Vermont School Medell\u00edn, un colegio Cognita Redcol - Colegio Vermont School Medellin"},"image":{"@id":"https:\/\/vermontmedellin.edu.co\/es\/pt-br\/#\/schema\/logo\/image\/"},"sameAs":["https:\/\/www.facebook.com\/vermontschooloficial","https:\/\/x.com\/vermontschoolm","https:\/\/www.instagram.com\/vermontschooloficial\/","https:\/\/www.youtube.com\/@VermontSchoolOficial"]}]}},"jetpack_sharing_enabled":true,"_links":{"self":[{"href":"https:\/\/vermontmedellin.edu.co\/es\/wp-json\/wp\/v2\/blog\/601","targetHints":{"allow":["GET"]}}],"collection":[{"href":"https:\/\/vermontmedellin.edu.co\/es\/wp-json\/wp\/v2\/blog"}],"about":[{"href":"https:\/\/vermontmedellin.edu.co\/es\/wp-json\/wp\/v2\/types\/blog"}],"version-history":[{"count":0,"href":"https:\/\/vermontmedellin.edu.co\/es\/wp-json\/wp\/v2\/blog\/601\/revisions"}],"wp:featuredmedia":[{"embeddable":true,"href":"https:\/\/vermontmedellin.edu.co\/es\/wp-json\/wp\/v2\/media\/615"}],"wp:attachment":[{"href":"https:\/\/vermontmedellin.edu.co\/es\/wp-json\/wp\/v2\/media?parent=601"}],"curies":[{"name":"wp","href":"https:\/\/api.w.org\/{rel}","templated":true}]}}