{"id":252,"date":"2025-02-12T18:30:08","date_gmt":"2025-02-12T18:30:08","guid":{"rendered":"https:\/\/qrealo.cl\/vermontmedellin\/index.php\/2025\/02\/12\/la-educacion-multicultural-una-apuesta-por-el-cambio-en-el-contexto-educativo\/"},"modified":"2025-02-12T18:30:08","modified_gmt":"2025-02-12T18:30:08","slug":"la-educacion-multicultural-una-apuesta-por-el-cambio-en-el-contexto-educativo","status":"publish","type":"blog","link":"https:\/\/vermontmedellin.edu.co\/es\/blog\/la-educacion-multicultural-una-apuesta-por-el-cambio-en-el-contexto-educativo\/","title":{"rendered":"La educaci\u00f3n multicultural: una apuesta por el cambio en el contexto educativo"},"content":{"rendered":"<p><span id=\"hs_cos_wrapper_post_body\" class=\"hs_cos_wrapper hs_cos_wrapper_meta_field hs_cos_wrapper_type_rich_text\" data-hs-cos-general-type=\"meta_field\" data-hs-cos-type=\"rich_text\"><\/p>\n<p style=\"font-weight: bold\">La preparaci\u00f3n de nuestros estudiantes en su vida escolar y acad\u00e9mica es fundamental para el desarrollo de conciencia y conocimiento pr\u00e1ctico respecto al acceso a una educaci\u00f3n diversa y equitativa para todos.<\/p>\n<p> <!--more--><\/p>\n<hr>\n<p style=\"text-align: justify\">El Vermont School es un IB world school de la mano con Cambridge International School. La educaci\u00f3n IB da la oportunidad de desarrollar conocimiento interdisciplinario y transdisciplinario. Que a su vez tiene rigurosos est\u00e1ndares de calidad avalados por instituciones de educaci\u00f3n avanzada alrededor de todo el mundo.<\/p>\n<p style=\"text-align: justify\"><img decoding=\"async\" src=\"https:\/\/vermontmedellin.edu.co\/wp-content\/uploads\/sites\/35\/2025\/02\/inclusion-895x430-Feb-28-2024-10-28-38-0419-PM.jpg\" alt=\"inclusio\u0301n-895x430\" width=\"837\" loading=\"lazy\" style=\"width: 837px;margin-left: auto;margin-right: auto\"><\/p>\n<p style=\"text-align: justify\">Con uno de nuestros pilares, <strong>We Create <\/strong>tenemos el firme prop\u00f3sito de participar activamente en una educaci\u00f3n internacional y hol\u00edstica. Tenemos actualmente estudiantes y docentes de diversas nacionalidades: Colombia, Canad\u00e1, EEUU, Costa Rica, Corea, China, por mencionar algunos.<\/p>\n<p style=\"text-align: justify\"><span style=\"background-color: transparent\">Ahora bien, pero \u00bfde qu\u00e9 estamos hablando cuando mencionamos eso de &#8220;educaci\u00f3n diversa y equitativa&#8221; para todos? La multiculturalidad y ese enfoque educativo que hoy queremos liderar, es la posibilidad de adjuntar a nuestra propuesta metodol\u00f3gica elementos representativos de la diversidad e identidad en el aula de clase y el colegio.<\/span><\/p>\n<p>De esta manera, la educaci\u00f3n de nuestros estudiantes la enfocamos en la potenciaci\u00f3n del triling\u00fcismo, haciendo una apuesta en la que el nivel comunicativo de cada estudiante llegue a un m\u00ednimo de Ingl\u00e9s (C1), Espa\u00f1ol (C1) y Mandar\u00edn (B1).&nbsp;<\/p>\n<p>As\u00ed entonces, diversificar el pensamiento y las acciones es lo mismo que darle lugar a la individualidad de cada uno de los estudiantes que habita este espacio colaborativo de aprendizaje en nuestro colegio y creyendo en una educaci\u00f3n que transforma desde el ser y el pensamiento cr\u00edtico.<\/p>\n<p>Te puede interesar: <a href=\"\/el-multilinguismo-en-los-ninos\" rel=\"noopener\" target=\"_blank\">El multiling\u00fcismo en los ni\u00f1os.<\/a><\/p>\n<p style=\"font-weight: bold;font-size: 16px\">\u00bfCu\u00e1les son los retos para el Vermont School cuando se habla de la educaci\u00f3n multicultural?<\/p>\n<p>Partimos de la necesidad de entender que hay tantas representaciones del mundo como personas en el planeta. Este es un elemento fundador de nuestra apuesta educativa que a trav\u00e9s de la multiculturalidad (refiri\u00e9ndonos a las expresiones diferentes de la cultura), busca una transformaci\u00f3n de la sociedad.<\/p>\n<p><img decoding=\"async\" src=\"https:\/\/vermontmedellin.edu.co\/wp-content\/uploads\/sites\/35\/2025\/02\/6-Feb-28-2024-10-28-40-7682-PM.jpeg\" alt=\"6\" width=\"975\" loading=\"lazy\" style=\"width: 975px\"><\/p>\n<p>Mencionaremos a continuaci\u00f3n, los tres retos fundamentales a los que nos enfrentamos desde la educaci\u00f3n en nuestro colegio para extender una apuesta formativa que se vincule con la igualdad de oportunidades y capacidades.&nbsp;<\/p>\n<ol>\n<li>Superar con acciones de vinculaci\u00f3n, exploraci\u00f3n y conocimiento aquella frase que sostiene que \u201clos ni\u00f1os culturalmente diferentes a la mayor\u00eda experimentan desventajas de aprendizaje en escuelas que sostienen valores culturales dominantes\u201d. En Vermont School, sentimos un orgullo por nuestra tierra y tradici\u00f3n Antioque\u00f1a que no ponemos en duda. Pero esto no nubla nuestra capacidad de extender ra\u00edces a la necesidad de acoger nuevas culturas, aprehenderlas y la posibilidad de abrir espacios para fomentar ese conocimiento del otro que tanto puede enriquecernos intelectual y emocionalmente.\n<\/li>\n<li>Valorar la diferencia entre las culturas, nos permite comprender y dar la importancia necesaria a la diversidad multi\u00e9tnica que a su vez nos posibilita entender y ver el mundo de manera diferente. En Vermont School buscamos y creemos en la necesidad de formar excepcionales ciudadanos del mundo.&nbsp;\n<\/li>\n<li>La educaci\u00f3n como eje transformador de la sociedad. Y ac\u00e1 hablamos de nuestra propuesta formativa en la que es necesaria una mirada cr\u00edtica de la realidad que posibilite la adecuaci\u00f3n del entorno educativo a la apertura del aprendizaje de nuevas culturas. Esto implica una consolidaci\u00f3n de la libertad de pensamiento de cada uno de nuestros estudiantes. Una libertad para ser, hacer y transformar el mundo.&nbsp;<\/li>\n<\/ol>\n<p>En Vermont School entendemos que&nbsp; la cultura se aprende, se comparte, se diversifica y que cuando logra integrarnos nos transforma en un cuerpo social heterog\u00e9neo y lejano de los estereotipos. Estudiantes diferentes y capacitados para el cambio.&nbsp;<\/p>\n<p>La educaci\u00f3n multicultural entonces, abre nuestros ojos y capacidad de ver al otro. Redefine nuestros l\u00edmites, fronteras y capacidad social para reconocer en la diversidad una oportunidad de aprendizaje.<\/p>\n<p style=\"text-align: justify\"><span style=\"font-weight: bold\">&nbsp;Por:<\/span> Comunicaciones Vermont<\/p>\n<p><\/span><\/p>\n","protected":false},"excerpt":{"rendered":"<p>Educaci\u00f3n multicultural<\/p>\n","protected":false},"featured_media":266,"template":"","class_list":["post-252","blog","type-blog","status-publish","has-post-thumbnail","hentry"],"acf":[],"yoast_head":"<!-- This site is optimized with the Yoast SEO plugin v27.1.1 - https:\/\/yoast.com\/product\/yoast-seo-wordpress\/ -->\n<title>La educaci\u00f3n multicultural: una apuesta por el cambio en el contexto educativo - Vermont School Medell\u00edn, un colegio Cognita Redcol - Colegio Vermont School Medellin<\/title>\n<meta name=\"robots\" content=\"index, follow, max-snippet:-1, max-image-preview:large, max-video-preview:-1\" \/>\n<link rel=\"canonical\" href=\"https:\/\/vermontmedellin.edu.co\/es\/blog\/la-educacion-multicultural-una-apuesta-por-el-cambio-en-el-contexto-educativo\/\" \/>\n<meta property=\"og:locale\" content=\"es_ES\" \/>\n<meta property=\"og:type\" content=\"article\" \/>\n<meta property=\"og:title\" content=\"La educaci\u00f3n multicultural: una apuesta por el cambio en el contexto educativo - Vermont School Medell\u00edn, un colegio Cognita Redcol - Colegio Vermont School Medellin\" \/>\n<meta property=\"og:description\" content=\"Educaci\u00f3n multicultural\" \/>\n<meta property=\"og:url\" content=\"https:\/\/vermontmedellin.edu.co\/es\/blog\/la-educacion-multicultural-una-apuesta-por-el-cambio-en-el-contexto-educativo\/\" \/>\n<meta property=\"og:site_name\" content=\"Vermont School Medell\u00edn, un colegio Cognita Redcol - Colegio Vermont School Medellin\" \/>\n<meta property=\"article:publisher\" content=\"https:\/\/www.facebook.com\/vermontschooloficial\" \/>\n<meta property=\"og:image\" content=\"https:\/\/vermontmedellin.edu.co\/wp-content\/uploads\/sites\/35\/2025\/02\/inclusion-895x430-Feb-28-2024-10-28-38-0419-PM.jpg\" \/>\n<meta name=\"twitter:card\" content=\"summary_large_image\" \/>\n<meta name=\"twitter:site\" content=\"@vermontschoolm\" \/>\n<meta name=\"twitter:label1\" content=\"Tiempo de lectura\" \/>\n\t<meta name=\"twitter:data1\" content=\"3 minutos\" \/>\n<script type=\"application\/ld+json\" class=\"yoast-schema-graph\">{\"@context\":\"https:\/\/schema.org\",\"@graph\":[{\"@type\":\"WebPage\",\"@id\":\"https:\/\/vermontmedellin.edu.co\/es\/blog\/la-educacion-multicultural-una-apuesta-por-el-cambio-en-el-contexto-educativo\/\",\"url\":\"https:\/\/vermontmedellin.edu.co\/es\/blog\/la-educacion-multicultural-una-apuesta-por-el-cambio-en-el-contexto-educativo\/\",\"name\":\"La educaci\u00f3n multicultural: una apuesta por el cambio en el contexto educativo - Vermont School Medell\u00edn, un colegio Cognita Redcol - Colegio Vermont School Medellin\",\"isPartOf\":{\"@id\":\"https:\/\/vermontmedellin.edu.co\/es\/pt-br\/#website\"},\"primaryImageOfPage\":{\"@id\":\"https:\/\/vermontmedellin.edu.co\/es\/blog\/la-educacion-multicultural-una-apuesta-por-el-cambio-en-el-contexto-educativo\/#primaryimage\"},\"image\":{\"@id\":\"https:\/\/vermontmedellin.edu.co\/es\/blog\/la-educacion-multicultural-una-apuesta-por-el-cambio-en-el-contexto-educativo\/#primaryimage\"},\"thumbnailUrl\":\"https:\/\/vermontmedellin.edu.co\/wp-content\/uploads\/sites\/35\/2025\/02\/6-Feb-28-2024-10-28-39-9979-PM.jpeg\",\"datePublished\":\"2025-02-12T18:30:08+00:00\",\"breadcrumb\":{\"@id\":\"https:\/\/vermontmedellin.edu.co\/es\/blog\/la-educacion-multicultural-una-apuesta-por-el-cambio-en-el-contexto-educativo\/#breadcrumb\"},\"inLanguage\":\"es\",\"potentialAction\":[{\"@type\":\"ReadAction\",\"target\":[\"https:\/\/vermontmedellin.edu.co\/es\/blog\/la-educacion-multicultural-una-apuesta-por-el-cambio-en-el-contexto-educativo\/\"]}]},{\"@type\":\"ImageObject\",\"inLanguage\":\"es\",\"@id\":\"https:\/\/vermontmedellin.edu.co\/es\/blog\/la-educacion-multicultural-una-apuesta-por-el-cambio-en-el-contexto-educativo\/#primaryimage\",\"url\":\"https:\/\/vermontmedellin.edu.co\/wp-content\/uploads\/sites\/35\/2025\/02\/6-Feb-28-2024-10-28-39-9979-PM.jpeg\",\"contentUrl\":\"https:\/\/vermontmedellin.edu.co\/wp-content\/uploads\/sites\/35\/2025\/02\/6-Feb-28-2024-10-28-39-9979-PM.jpeg\"},{\"@type\":\"BreadcrumbList\",\"@id\":\"https:\/\/vermontmedellin.edu.co\/es\/blog\/la-educacion-multicultural-una-apuesta-por-el-cambio-en-el-contexto-educativo\/#breadcrumb\",\"itemListElement\":[{\"@type\":\"ListItem\",\"position\":1,\"name\":\"Home\",\"item\":\"https:\/\/vermontmedellin.edu.co\/es\/\"},{\"@type\":\"ListItem\",\"position\":2,\"name\":\"La educaci\u00f3n multicultural: una apuesta por el cambio en el contexto educativo\"}]},{\"@type\":\"WebSite\",\"@id\":\"https:\/\/vermontmedellin.edu.co\/es\/pt-br\/#website\",\"url\":\"https:\/\/vermontmedellin.edu.co\/es\/pt-br\/\",\"name\":\"Vermont School Medell\u00edn, un colegio Cognita Redcol - Colegio Vermont School Medellin\",\"description\":\"Blog VermontSchool\",\"publisher\":{\"@id\":\"https:\/\/vermontmedellin.edu.co\/es\/pt-br\/#organization\"},\"potentialAction\":[{\"@type\":\"SearchAction\",\"target\":{\"@type\":\"EntryPoint\",\"urlTemplate\":\"https:\/\/vermontmedellin.edu.co\/es\/pt-br\/?s={search_term_string}\"},\"query-input\":{\"@type\":\"PropertyValueSpecification\",\"valueRequired\":true,\"valueName\":\"search_term_string\"}}],\"inLanguage\":\"es\"},{\"@type\":\"Organization\",\"@id\":\"https:\/\/vermontmedellin.edu.co\/es\/pt-br\/#organization\",\"name\":\"Vermont School Medell\u00edn, un colegio Cognita Redcol - Colegio Vermont School Medellin\",\"url\":\"https:\/\/vermontmedellin.edu.co\/es\/pt-br\/\",\"logo\":{\"@type\":\"ImageObject\",\"inLanguage\":\"es\",\"@id\":\"https:\/\/vermontmedellin.edu.co\/es\/pt-br\/#\/schema\/logo\/image\/\",\"url\":\"https:\/\/vermontmedellin.edu.co\/wp-content\/uploads\/sites\/35\/2024\/04\/vermont-logo-cropped.png\",\"contentUrl\":\"https:\/\/vermontmedellin.edu.co\/wp-content\/uploads\/sites\/35\/2024\/04\/vermont-logo-cropped.png\",\"width\":609,\"height\":328,\"caption\":\"Vermont School Medell\u00edn, un colegio Cognita Redcol - Colegio Vermont School Medellin\"},\"image\":{\"@id\":\"https:\/\/vermontmedellin.edu.co\/es\/pt-br\/#\/schema\/logo\/image\/\"},\"sameAs\":[\"https:\/\/www.facebook.com\/vermontschooloficial\",\"https:\/\/x.com\/vermontschoolm\",\"https:\/\/www.instagram.com\/vermontschooloficial\/\",\"https:\/\/www.youtube.com\/@VermontSchoolOficial\"]}]}<\/script>\n<!-- \/ Yoast SEO plugin. -->","yoast_head_json":{"title":"La educaci\u00f3n multicultural: una apuesta por el cambio en el contexto educativo - Vermont School Medell\u00edn, un colegio Cognita Redcol - Colegio Vermont School Medellin","robots":{"index":"index","follow":"follow","max-snippet":"max-snippet:-1","max-image-preview":"max-image-preview:large","max-video-preview":"max-video-preview:-1"},"canonical":"https:\/\/vermontmedellin.edu.co\/es\/blog\/la-educacion-multicultural-una-apuesta-por-el-cambio-en-el-contexto-educativo\/","og_locale":"es_ES","og_type":"article","og_title":"La educaci\u00f3n multicultural: una apuesta por el cambio en el contexto educativo - Vermont School Medell\u00edn, un colegio Cognita Redcol - Colegio Vermont School Medellin","og_description":"Educaci\u00f3n multicultural","og_url":"https:\/\/vermontmedellin.edu.co\/es\/blog\/la-educacion-multicultural-una-apuesta-por-el-cambio-en-el-contexto-educativo\/","og_site_name":"Vermont School Medell\u00edn, un colegio Cognita Redcol - Colegio Vermont School Medellin","article_publisher":"https:\/\/www.facebook.com\/vermontschooloficial","og_image":[{"url":"https:\/\/vermontmedellin.edu.co\/wp-content\/uploads\/sites\/35\/2025\/02\/inclusion-895x430-Feb-28-2024-10-28-38-0419-PM.jpg","type":"","width":"","height":""}],"twitter_card":"summary_large_image","twitter_site":"@vermontschoolm","twitter_misc":{"Tiempo de lectura":"3 minutos"},"schema":{"@context":"https:\/\/schema.org","@graph":[{"@type":"WebPage","@id":"https:\/\/vermontmedellin.edu.co\/es\/blog\/la-educacion-multicultural-una-apuesta-por-el-cambio-en-el-contexto-educativo\/","url":"https:\/\/vermontmedellin.edu.co\/es\/blog\/la-educacion-multicultural-una-apuesta-por-el-cambio-en-el-contexto-educativo\/","name":"La educaci\u00f3n multicultural: una apuesta por el cambio en el contexto educativo - Vermont School Medell\u00edn, un colegio Cognita Redcol - Colegio Vermont School Medellin","isPartOf":{"@id":"https:\/\/vermontmedellin.edu.co\/es\/pt-br\/#website"},"primaryImageOfPage":{"@id":"https:\/\/vermontmedellin.edu.co\/es\/blog\/la-educacion-multicultural-una-apuesta-por-el-cambio-en-el-contexto-educativo\/#primaryimage"},"image":{"@id":"https:\/\/vermontmedellin.edu.co\/es\/blog\/la-educacion-multicultural-una-apuesta-por-el-cambio-en-el-contexto-educativo\/#primaryimage"},"thumbnailUrl":"https:\/\/vermontmedellin.edu.co\/wp-content\/uploads\/sites\/35\/2025\/02\/6-Feb-28-2024-10-28-39-9979-PM.jpeg","datePublished":"2025-02-12T18:30:08+00:00","breadcrumb":{"@id":"https:\/\/vermontmedellin.edu.co\/es\/blog\/la-educacion-multicultural-una-apuesta-por-el-cambio-en-el-contexto-educativo\/#breadcrumb"},"inLanguage":"es","potentialAction":[{"@type":"ReadAction","target":["https:\/\/vermontmedellin.edu.co\/es\/blog\/la-educacion-multicultural-una-apuesta-por-el-cambio-en-el-contexto-educativo\/"]}]},{"@type":"ImageObject","inLanguage":"es","@id":"https:\/\/vermontmedellin.edu.co\/es\/blog\/la-educacion-multicultural-una-apuesta-por-el-cambio-en-el-contexto-educativo\/#primaryimage","url":"https:\/\/vermontmedellin.edu.co\/wp-content\/uploads\/sites\/35\/2025\/02\/6-Feb-28-2024-10-28-39-9979-PM.jpeg","contentUrl":"https:\/\/vermontmedellin.edu.co\/wp-content\/uploads\/sites\/35\/2025\/02\/6-Feb-28-2024-10-28-39-9979-PM.jpeg"},{"@type":"BreadcrumbList","@id":"https:\/\/vermontmedellin.edu.co\/es\/blog\/la-educacion-multicultural-una-apuesta-por-el-cambio-en-el-contexto-educativo\/#breadcrumb","itemListElement":[{"@type":"ListItem","position":1,"name":"Home","item":"https:\/\/vermontmedellin.edu.co\/es\/"},{"@type":"ListItem","position":2,"name":"La educaci\u00f3n multicultural: una apuesta por el cambio en el contexto educativo"}]},{"@type":"WebSite","@id":"https:\/\/vermontmedellin.edu.co\/es\/pt-br\/#website","url":"https:\/\/vermontmedellin.edu.co\/es\/pt-br\/","name":"Vermont School Medell\u00edn, un colegio Cognita Redcol - Colegio Vermont School Medellin","description":"Blog VermontSchool","publisher":{"@id":"https:\/\/vermontmedellin.edu.co\/es\/pt-br\/#organization"},"potentialAction":[{"@type":"SearchAction","target":{"@type":"EntryPoint","urlTemplate":"https:\/\/vermontmedellin.edu.co\/es\/pt-br\/?s={search_term_string}"},"query-input":{"@type":"PropertyValueSpecification","valueRequired":true,"valueName":"search_term_string"}}],"inLanguage":"es"},{"@type":"Organization","@id":"https:\/\/vermontmedellin.edu.co\/es\/pt-br\/#organization","name":"Vermont School Medell\u00edn, un colegio Cognita Redcol - Colegio Vermont School Medellin","url":"https:\/\/vermontmedellin.edu.co\/es\/pt-br\/","logo":{"@type":"ImageObject","inLanguage":"es","@id":"https:\/\/vermontmedellin.edu.co\/es\/pt-br\/#\/schema\/logo\/image\/","url":"https:\/\/vermontmedellin.edu.co\/wp-content\/uploads\/sites\/35\/2024\/04\/vermont-logo-cropped.png","contentUrl":"https:\/\/vermontmedellin.edu.co\/wp-content\/uploads\/sites\/35\/2024\/04\/vermont-logo-cropped.png","width":609,"height":328,"caption":"Vermont School Medell\u00edn, un colegio Cognita Redcol - Colegio Vermont School Medellin"},"image":{"@id":"https:\/\/vermontmedellin.edu.co\/es\/pt-br\/#\/schema\/logo\/image\/"},"sameAs":["https:\/\/www.facebook.com\/vermontschooloficial","https:\/\/x.com\/vermontschoolm","https:\/\/www.instagram.com\/vermontschooloficial\/","https:\/\/www.youtube.com\/@VermontSchoolOficial"]}]}},"jetpack_sharing_enabled":true,"_links":{"self":[{"href":"https:\/\/vermontmedellin.edu.co\/es\/wp-json\/wp\/v2\/blog\/252","targetHints":{"allow":["GET"]}}],"collection":[{"href":"https:\/\/vermontmedellin.edu.co\/es\/wp-json\/wp\/v2\/blog"}],"about":[{"href":"https:\/\/vermontmedellin.edu.co\/es\/wp-json\/wp\/v2\/types\/blog"}],"version-history":[{"count":0,"href":"https:\/\/vermontmedellin.edu.co\/es\/wp-json\/wp\/v2\/blog\/252\/revisions"}],"wp:featuredmedia":[{"embeddable":true,"href":"https:\/\/vermontmedellin.edu.co\/es\/wp-json\/wp\/v2\/media\/266"}],"wp:attachment":[{"href":"https:\/\/vermontmedellin.edu.co\/es\/wp-json\/wp\/v2\/media?parent=252"}],"curies":[{"name":"wp","href":"https:\/\/api.w.org\/{rel}","templated":true}]}}